{"id":804,"date":"2024-04-05T09:00:00","date_gmt":"2024-04-05T07:00:00","guid":{"rendered":"https:\/\/floriemarie.fr\/?p=804"},"modified":"2025-02-24T17:21:21","modified_gmt":"2025-02-24T16:21:21","slug":"matinale-du-05-04-2024-le-gouvernement-vs-leducation-nationale-et-la-fonction-publique","status":"publish","type":"post","link":"https:\/\/floriemarie.fr\/index.php\/2024\/04\/05\/matinale-du-05-04-2024-le-gouvernement-vs-leducation-nationale-et-la-fonction-publique\/","title":{"rendered":"Matinale du 05\/04\/2024 : Le Gouvernement vs l&rsquo;Education Nationale et la Fonction publique"},"content":{"rendered":"\n<figure class=\"wp-block-embed is-type-video is-provider-youtube wp-block-embed-youtube wp-embed-aspect-16-9 wp-has-aspect-ratio\"><div class=\"wp-block-embed__wrapper\">\n<iframe loading=\"lazy\" title=\"Matinale du 05\/04\/2024 : Le Gouvernement vs l&#039;Education Nationale et la Fonction publique\" width=\"500\" height=\"281\" src=\"https:\/\/www.youtube.com\/embed\/-kDBEPaNNEA?feature=oembed\" frameborder=\"0\" allow=\"accelerometer; autoplay; clipboard-write; encrypted-media; gyroscope; picture-in-picture; web-share\" referrerpolicy=\"strict-origin-when-cross-origin\" allowfullscreen><\/iframe>\n<\/div><\/figure>\n\n\n\n<p>Les liens de la matinale : <\/p>\n\n\n\n<ul class=\"wp-block-list\">\n<li>\u00c9l\u00e8ves radicalis\u00e9s : le projet choc de Gabriel Attal \u00e9reint\u00e9 par les inspections <br><a href=\"https:\/\/www.mediapart.fr\/journal\/france\/150224\/eleves-radicalises-le-projet-choc-de-gabriel-attal-ereinte-par-les-inspections \">https:\/\/www.mediapart.fr\/journal\/france\/150224\/eleves-radicalises-le-projet-choc-de-gabriel-attal-ereinte-par-les-inspections <\/a><\/li>\n\n\n\n<li>Pr\u00e8s de 700 millions supprim\u00e9s \u00e0 l\u2019Education nationale <br><a href=\"https:\/\/www.cafepedagogique.net\/2024\/02\/22\/pres-de-11-000-emplois-supprimes-a-leducation-nationale\/ \">https:\/\/www.cafepedagogique.net\/2024\/02\/22\/pres-de-11-000-emplois-supprimes-a-leducation-nationale\/ <\/a><\/li>\n\n\n\n<li>La fonction publique aussi est touch\u00e9e par des difficult\u00e9s de recrutement <br><a href=\"https:\/\/www.lesechos.fr\/economie-france\/social\/la-fonction-publique-aussi-est-touchee-par-des-difficultes-de-recrutement-2080443 \">https:\/\/www.lesechos.fr\/economie-france\/social\/la-fonction-publique-aussi-est-touchee-par-des-difficultes-de-recrutement-2080443 <\/a><\/li>\n\n\n\n<li>Et votre dose de dr\u00f4le et mignon : <br><a href=\"https:\/\/www.instagram.com\/reel\/C40Go94pt5a\/ \n\">https:\/\/www.instagram.com\/reel\/C40Go94pt5a\/ <br><\/a><a href=\"https:\/\/www.instagram.com\/reel\/C4vsZdMI7tx\/\">https:\/\/www.instagram.com\/reel\/C4vsZdMI7tx\/<\/a><\/li>\n<\/ul>\n","protected":false},"excerpt":{"rendered":"<p>Les liens de la matinale :<\/p>\n","protected":false},"author":1,"featured_media":131,"comment_status":"open","ping_status":"open","sticky":false,"template":"","format":"video","meta":{"footnotes":""},"categories":[7],"tags":[80,81,25,76],"class_list":["post-804","post","type-post","status-publish","format-video","has-post-thumbnail","hentry","category-matinale-du-matin-tot-le-matin","tag-attal","tag-education-nationale","tag-macron","tag-service-public","post_format-post-format-video"],"_links":{"self":[{"href":"https:\/\/floriemarie.fr\/index.php\/wp-json\/wp\/v2\/posts\/804","targetHints":{"allow":["GET"]}}],"collection":[{"href":"https:\/\/floriemarie.fr\/index.php\/wp-json\/wp\/v2\/posts"}],"about":[{"href":"https:\/\/floriemarie.fr\/index.php\/wp-json\/wp\/v2\/types\/post"}],"author":[{"embeddable":true,"href":"https:\/\/floriemarie.fr\/index.php\/wp-json\/wp\/v2\/users\/1"}],"replies":[{"embeddable":true,"href":"https:\/\/floriemarie.fr\/index.php\/wp-json\/wp\/v2\/comments?post=804"}],"version-history":[{"count":2,"href":"https:\/\/floriemarie.fr\/index.php\/wp-json\/wp\/v2\/posts\/804\/revisions"}],"predecessor-version":[{"id":1176,"href":"https:\/\/floriemarie.fr\/index.php\/wp-json\/wp\/v2\/posts\/804\/revisions\/1176"}],"wp:featuredmedia":[{"embeddable":true,"href":"https:\/\/floriemarie.fr\/index.php\/wp-json\/wp\/v2\/media\/131"}],"wp:attachment":[{"href":"https:\/\/floriemarie.fr\/index.php\/wp-json\/wp\/v2\/media?parent=804"}],"wp:term":[{"taxonomy":"category","embeddable":true,"href":"https:\/\/floriemarie.fr\/index.php\/wp-json\/wp\/v2\/categories?post=804"},{"taxonomy":"post_tag","embeddable":true,"href":"https:\/\/floriemarie.fr\/index.php\/wp-json\/wp\/v2\/tags?post=804"}],"curies":[{"name":"wp","href":"https:\/\/api.w.org\/{rel}","templated":true}]}}