{"id":757,"date":"2024-03-05T09:00:00","date_gmt":"2024-03-05T08:00:00","guid":{"rendered":"https:\/\/floriemarie.fr\/?p=757"},"modified":"2025-02-24T17:26:35","modified_gmt":"2025-02-24T16:26:35","slug":"matinale-du-05-03-2024-des-nouvelles-du-sexisme-en-france","status":"publish","type":"post","link":"https:\/\/floriemarie.fr\/index.php\/2024\/03\/05\/matinale-du-05-03-2024-des-nouvelles-du-sexisme-en-france\/","title":{"rendered":"Matinale du 05\/03\/2024 : Des nouvelles du sexisme en France"},"content":{"rendered":"\n<figure class=\"wp-block-embed is-type-video is-provider-youtube wp-block-embed-youtube wp-embed-aspect-16-9 wp-has-aspect-ratio\"><div class=\"wp-block-embed__wrapper\">\n<iframe loading=\"lazy\" title=\"Matinale du 05\/03\/2024 : Des nouvelles du sexisme en France\" width=\"500\" height=\"281\" src=\"https:\/\/www.youtube.com\/embed\/b27J4ltKKug?feature=oembed\" frameborder=\"0\" allow=\"accelerometer; autoplay; clipboard-write; encrypted-media; gyroscope; picture-in-picture; web-share\" referrerpolicy=\"strict-origin-when-cross-origin\" allowfullscreen><\/iframe>\n<\/div><\/figure>\n\n\n\n<p>Les liens de la matinale : <\/p>\n\n\n\n<ul class=\"wp-block-list\">\n<li>Quelques statistiques du rapport du HCE : <br><a href=\"https:\/\/www.threads.net\/@lbnamr\/post\/C2Z656jCAVn\/ \">https:\/\/www.threads.net\/@lbnamr\/post\/C2Z656jCAVn\/ <\/a><\/li>\n\n\n\n<li>Loi europ\u00e9enne sur le viol : \u00ab Macron est sur la m\u00eame ligne qu\u2019Orb\u00e1n, c\u2019est une honte \u00bb <br><a href=\"https:\/\/www.mediapart.fr\/journal\/international\/200124\/loi-europeenne-sur-le-viol-macron-est-sur-la-meme-ligne-qu-orban-c-est-une-honte \">https:\/\/www.mediapart.fr\/journal\/international\/200124\/loi-europeenne-sur-le-viol-macron-est-sur-la-meme-ligne-qu-orban-c-est-une-honte <\/a><\/li>\n\n\n\n<li>G\u00e9rard Larcher oppos\u00e9 \u00e0 l&rsquo;inscription de l&rsquo;IVG dans la Constitution <br><a href=\"https:\/\/www.lefigaro.fr\/politique\/gerard-larcher-oppose-a-l-inscription-de-l-ivg-dans-la-constitution-20240123 \">https:\/\/www.lefigaro.fr\/politique\/gerard-larcher-oppose-a-l-inscription-de-l-ivg-dans-la-constitution-20240123 <\/a><\/li>\n\n\n\n<li>Alex*, 19 ans, a \u00e9t\u00e9 scolaris\u00e9e \u00e0 Stanislas de son CE2 \u00e0 sa 4\u00e8me. Elle nous raconte ce qu\u2019elle a v\u00e9cu dans cette \u00e9cole priv\u00e9e catholique sous contrat entre harc\u00e8lement, sexisme et enseignement anti-contraception. <br><a href=\"https:\/\/www.instagram.com\/reel\/C2cMuqFqScA\/ \">https:\/\/www.instagram.com\/reel\/C2cMuqFqScA\/ <\/a><\/li>\n\n\n\n<li>6\u00e8me \u00e9tat des lieux du sexisme en France : s\u2019attaquer aux racines du sexisme <br><a href=\"https:\/\/haut-conseil-egalite.gouv.fr\/stereotypes-et-roles-sociaux\/actualites\/article\/6eme-etat-des-lieux-du-sexisme-en-france-s-attaquer-aux-racines-du-sexisme \">https:\/\/haut-conseil-egalite.gouv.fr\/stereotypes-et-roles-sociaux\/actualites\/article\/6eme-etat-des-lieux-du-sexisme-en-france-s-attaquer-aux-racines-du-sexisme <\/a><\/li>\n\n\n\n<li>Faisons du sexisme de l&rsquo;histoire ancienne ! <br><a href=\"https:\/\/youtu.be\/t9VGOb0zju4 \">https:\/\/youtu.be\/t9VGOb0zju4 <\/a><\/li>\n\n\n\n<li>Et votre dose de dr\u00f4le et mignon : <br><a href=\"https:\/\/www.instagram.com\/reel\/C2_CLdPA0Su\/ \n\">https:\/\/www.instagram.com\/reel\/C2_CLdPA0Su\/ <br><\/a><a href=\"https:\/\/www.instagram.com\/reel\/C2XulzqLVp8\/ \n\">https:\/\/www.instagram.com\/reel\/C2XulzqLVp8\/ <br><\/a><a href=\"https:\/\/www.instagram.com\/reel\/C3F4RwWt1Vq\/\">https:\/\/www.instagram.com\/reel\/C3F4RwWt1Vq\/<\/a><\/li>\n<\/ul>\n","protected":false},"excerpt":{"rendered":"<p>Les liens de la matinale :<\/p>\n","protected":false},"author":1,"featured_media":131,"comment_status":"open","ping_status":"open","sticky":false,"template":"","format":"video","meta":{"footnotes":""},"categories":[7],"tags":[],"class_list":["post-757","post","type-post","status-publish","format-video","has-post-thumbnail","hentry","category-matinale-du-matin-tot-le-matin","post_format-post-format-video"],"_links":{"self":[{"href":"https:\/\/floriemarie.fr\/index.php\/wp-json\/wp\/v2\/posts\/757","targetHints":{"allow":["GET"]}}],"collection":[{"href":"https:\/\/floriemarie.fr\/index.php\/wp-json\/wp\/v2\/posts"}],"about":[{"href":"https:\/\/floriemarie.fr\/index.php\/wp-json\/wp\/v2\/types\/post"}],"author":[{"embeddable":true,"href":"https:\/\/floriemarie.fr\/index.php\/wp-json\/wp\/v2\/users\/1"}],"replies":[{"embeddable":true,"href":"https:\/\/floriemarie.fr\/index.php\/wp-json\/wp\/v2\/comments?post=757"}],"version-history":[{"count":2,"href":"https:\/\/floriemarie.fr\/index.php\/wp-json\/wp\/v2\/posts\/757\/revisions"}],"predecessor-version":[{"id":1196,"href":"https:\/\/floriemarie.fr\/index.php\/wp-json\/wp\/v2\/posts\/757\/revisions\/1196"}],"wp:featuredmedia":[{"embeddable":true,"href":"https:\/\/floriemarie.fr\/index.php\/wp-json\/wp\/v2\/media\/131"}],"wp:attachment":[{"href":"https:\/\/floriemarie.fr\/index.php\/wp-json\/wp\/v2\/media?parent=757"}],"wp:term":[{"taxonomy":"category","embeddable":true,"href":"https:\/\/floriemarie.fr\/index.php\/wp-json\/wp\/v2\/categories?post=757"},{"taxonomy":"post_tag","embeddable":true,"href":"https:\/\/floriemarie.fr\/index.php\/wp-json\/wp\/v2\/tags?post=757"}],"curies":[{"name":"wp","href":"https:\/\/api.w.org\/{rel}","templated":true}]}}