{"id":743,"date":"2024-02-22T09:00:00","date_gmt":"2024-02-22T08:00:00","guid":{"rendered":"https:\/\/floriemarie.fr\/?p=743"},"modified":"2025-02-24T17:28:03","modified_gmt":"2025-02-24T16:28:03","slug":"matinale-du-22-02-2024-le-rearmement-demographique","status":"publish","type":"post","link":"https:\/\/floriemarie.fr\/index.php\/2024\/02\/22\/matinale-du-22-02-2024-le-rearmement-demographique\/","title":{"rendered":"Matinale du 22\/02\/2024 : Le r\u00e9armement d\u00e9mographique"},"content":{"rendered":"\n<figure class=\"wp-block-embed is-type-video is-provider-youtube wp-block-embed-youtube wp-embed-aspect-16-9 wp-has-aspect-ratio\"><div class=\"wp-block-embed__wrapper\">\n<iframe loading=\"lazy\" title=\"Matinale du 22\/02\/2024 : Le r\u00e9armement d\u00e9mographique\" width=\"500\" height=\"281\" src=\"https:\/\/www.youtube.com\/embed\/D7gsMFf7NoY?feature=oembed\" frameborder=\"0\" allow=\"accelerometer; autoplay; clipboard-write; encrypted-media; gyroscope; picture-in-picture; web-share\" referrerpolicy=\"strict-origin-when-cross-origin\" allowfullscreen><\/iframe>\n<\/div><\/figure>\n\n\n\n<p>Les liens de la matinale : <\/p>\n\n\n\n<ul class=\"wp-block-list\">\n<li>En France, le recensement commence ces jours-ci. Et cette question : combien de b\u00e9b\u00e9s sont-ils n\u00e9s en 2023 ? Chaque d\u00e9but d\u2019ann\u00e9e, le nombre de naissances est scrut\u00e9, analys\u00e9. Retour en archives sur l\u2019\u00e9volution de cette statistique. <br><a href=\"https:\/\/www.instagram.com\/reel\/C2N212xNqWL\/ \">https:\/\/www.instagram.com\/reel\/C2N212xNqWL\/ <\/a><\/li>\n\n\n\n<li>La natalit\u00e9, une obsession de l&rsquo;extr\u00eame droite <br><a href=\"https:\/\/www.mediapart.fr\/journal\/politique\/170124\/la-natalite-une-obsession-de-l-extreme-droite \">https:\/\/www.mediapart.fr\/journal\/politique\/170124\/la-natalite-une-obsession-de-l-extreme-droite <\/a><\/li>\n\n\n\n<li>Et votre dose de dr\u00f4le et mignon : <br><a href=\"https:\/\/www.instagram.com\/reel\/C139uJIpXMp\/ \n\">https:\/\/www.instagram.com\/reel\/C139uJIpXMp\/ <br><\/a><a href=\"https:\/\/youtu.be\/7D5QWALpJOQ\">https:\/\/youtu.be\/7D5QWALpJOQ<\/a><\/li>\n<\/ul>\n","protected":false},"excerpt":{"rendered":"<p>Les liens de la matinale :<\/p>\n","protected":false},"author":1,"featured_media":131,"comment_status":"open","ping_status":"open","sticky":false,"template":"","format":"video","meta":{"footnotes":""},"categories":[7],"tags":[],"class_list":["post-743","post","type-post","status-publish","format-video","has-post-thumbnail","hentry","category-matinale-du-matin-tot-le-matin","post_format-post-format-video"],"_links":{"self":[{"href":"https:\/\/floriemarie.fr\/index.php\/wp-json\/wp\/v2\/posts\/743","targetHints":{"allow":["GET"]}}],"collection":[{"href":"https:\/\/floriemarie.fr\/index.php\/wp-json\/wp\/v2\/posts"}],"about":[{"href":"https:\/\/floriemarie.fr\/index.php\/wp-json\/wp\/v2\/types\/post"}],"author":[{"embeddable":true,"href":"https:\/\/floriemarie.fr\/index.php\/wp-json\/wp\/v2\/users\/1"}],"replies":[{"embeddable":true,"href":"https:\/\/floriemarie.fr\/index.php\/wp-json\/wp\/v2\/comments?post=743"}],"version-history":[{"count":2,"href":"https:\/\/floriemarie.fr\/index.php\/wp-json\/wp\/v2\/posts\/743\/revisions"}],"predecessor-version":[{"id":1202,"href":"https:\/\/floriemarie.fr\/index.php\/wp-json\/wp\/v2\/posts\/743\/revisions\/1202"}],"wp:featuredmedia":[{"embeddable":true,"href":"https:\/\/floriemarie.fr\/index.php\/wp-json\/wp\/v2\/media\/131"}],"wp:attachment":[{"href":"https:\/\/floriemarie.fr\/index.php\/wp-json\/wp\/v2\/media?parent=743"}],"wp:term":[{"taxonomy":"category","embeddable":true,"href":"https:\/\/floriemarie.fr\/index.php\/wp-json\/wp\/v2\/categories?post=743"},{"taxonomy":"post_tag","embeddable":true,"href":"https:\/\/floriemarie.fr\/index.php\/wp-json\/wp\/v2\/tags?post=743"}],"curies":[{"name":"wp","href":"https:\/\/api.w.org\/{rel}","templated":true}]}}