{"id":681,"date":"2024-01-15T09:00:00","date_gmt":"2024-01-15T08:00:00","guid":{"rendered":"https:\/\/floriemarie.fr\/?p=681"},"modified":"2025-02-24T17:35:45","modified_gmt":"2025-02-24T16:35:45","slug":"matinale-du-15-01-2023-les-actualites-ecologistes-de-decembre","status":"publish","type":"post","link":"https:\/\/floriemarie.fr\/index.php\/2024\/01\/15\/matinale-du-15-01-2023-les-actualites-ecologistes-de-decembre\/","title":{"rendered":"Matinale du 15\/01\/2023 : Les actualit\u00e9s \u00e9cologistes de d\u00e9cembre"},"content":{"rendered":"\n<figure class=\"wp-block-embed is-type-video is-provider-youtube wp-block-embed-youtube wp-embed-aspect-16-9 wp-has-aspect-ratio\"><div class=\"wp-block-embed__wrapper\">\n<iframe loading=\"lazy\" title=\"Matinale du 15\/01\/2024 : Les actualit\u00e9s \u00e9cologistes de d\u00e9cembre\" width=\"500\" height=\"281\" src=\"https:\/\/www.youtube.com\/embed\/uPCDkJRND7Q?feature=oembed\" frameborder=\"0\" allow=\"accelerometer; autoplay; clipboard-write; encrypted-media; gyroscope; picture-in-picture; web-share\" referrerpolicy=\"strict-origin-when-cross-origin\" allowfullscreen><\/iframe>\n<\/div><\/figure>\n\n\n\n<p>Les liens de la matinales : <\/p>\n\n\n\n<ul class=\"wp-block-list\">\n<li>\u00ab\u00a0Pourquoi le d\u00e9veloppement personnel et les th\u00e9rapies collectives n&rsquo;ont pas leur place en meeting ?\u00a0\u00bb, un thread de Camille Hachez <br><a href=\"https:\/\/threadreaderapp.com\/thread\/1731653591843189008.html \">https:\/\/threadreaderapp.com\/thread\/1731653591843189008.html <\/a><\/li>\n\n\n\n<li>Rappel de No\u00ebl : les \u00eatres vivants ne s\u2019emballent pas. <br><a href=\"https:\/\/www.instagram.com\/reel\/C0uL1VFt7Uu\/ \">https:\/\/www.instagram.com\/reel\/C0uL1VFt7Uu\/ <\/a><\/li>\n\n\n\n<li>\u00c9ruption volcanique impressionnante en Islande deux heures apr\u00e8s un premier s\u00e9isme. La lave est sortie d&rsquo;une faille qui s&rsquo;agrandissait de 500 m\u00e8tres toutes les 20 minutes. La lave a m\u00eame \u00e9t\u00e9 projet\u00e9e \u00e0 plus de 100 m\u00e8tres de haut. <br><a href=\"https:\/\/www.instagram.com\/reel\/C1CGRWDsMhZ\/ \">https:\/\/www.instagram.com\/reel\/C1CGRWDsMhZ\/ <\/a><\/li>\n\n\n\n<li>L&rsquo;Espagne confirme l&rsquo;abandon progressif de l&rsquo;\u00e9nergie nucl\u00e9aire et prolonge les d\u00e9lais des projets renouvelables <br><a href=\"https:\/\/www.reuters.com\/business\/energy\/spain-confirms-nuclear-power-phase-out-extends-renewable-projects-deadlines-2023-12-27\/ \">https:\/\/www.reuters.com\/business\/energy\/spain-confirms-nuclear-power-phase-out-extends-renewable-projects-deadlines-2023-12-27\/ <\/a><\/li>\n\n\n\n<li>\u00ab Pr\u00e9judice animalier \u00bb : un chat per\u00e7oit des dommages et int\u00e9r\u00eats, une premi\u00e8re en France <br><a href=\"https:\/\/www.leparisien.fr\/animaux\/prejudice-animalier-un-chat-percoit-des-dommages-et-interets-une-premiere-en-france-14-01-2024-UUA44GUHNJBFHBSECPTTP7JI3I.php \">https:\/\/www.leparisien.fr\/animaux\/prejudice-animalier-un-chat-percoit-des-dommages-et-interets-une-premiere-en-france-14-01-2024-UUA44GUHNJBFHBSECPTTP7JI3I.php <\/a><\/li>\n\n\n\n<li>Des astres et d\u00e9sastres dans le potager <br><a href=\"https:\/\/agrigenre.hypotheses.org\/17459 \">https:\/\/agrigenre.hypotheses.org\/17459 <\/a><\/li>\n\n\n\n<li>Et votre dose de dr\u00f4le et mignon : <br><a href=\"https:\/\/www.instagram.com\/reel\/C1rXGPmgp6h\/ \n\">https:\/\/www.instagram.com\/reel\/C1rXGPmgp6h\/ <br><\/a><a href=\"https:\/\/www.instagram.com\/reel\/C1sDADKJFAD\/ \n\">https:\/\/www.instagram.com\/reel\/C1sDADKJFAD\/ <br><\/a><a href=\"https:\/\/www.instagram.com\/reel\/C0UpFC2JjNT\/ \n\">https:\/\/www.instagram.com\/reel\/C0UpFC2JjNT\/ <br><\/a><a href=\"https:\/\/www.instagram.com\/reel\/C1c-j2yOD-t\/\">https:\/\/www.instagram.com\/reel\/C1c-j2yOD-t\/<\/a><\/li>\n<\/ul>\n","protected":false},"excerpt":{"rendered":"<p>Les liens de la matinales :<\/p>\n","protected":false},"author":1,"featured_media":131,"comment_status":"open","ping_status":"open","sticky":false,"template":"","format":"video","meta":{"footnotes":""},"categories":[7],"tags":[],"class_list":["post-681","post","type-post","status-publish","format-video","has-post-thumbnail","hentry","category-matinale-du-matin-tot-le-matin","post_format-post-format-video"],"_links":{"self":[{"href":"https:\/\/floriemarie.fr\/index.php\/wp-json\/wp\/v2\/posts\/681","targetHints":{"allow":["GET"]}}],"collection":[{"href":"https:\/\/floriemarie.fr\/index.php\/wp-json\/wp\/v2\/posts"}],"about":[{"href":"https:\/\/floriemarie.fr\/index.php\/wp-json\/wp\/v2\/types\/post"}],"author":[{"embeddable":true,"href":"https:\/\/floriemarie.fr\/index.php\/wp-json\/wp\/v2\/users\/1"}],"replies":[{"embeddable":true,"href":"https:\/\/floriemarie.fr\/index.php\/wp-json\/wp\/v2\/comments?post=681"}],"version-history":[{"count":2,"href":"https:\/\/floriemarie.fr\/index.php\/wp-json\/wp\/v2\/posts\/681\/revisions"}],"predecessor-version":[{"id":1232,"href":"https:\/\/floriemarie.fr\/index.php\/wp-json\/wp\/v2\/posts\/681\/revisions\/1232"}],"wp:featuredmedia":[{"embeddable":true,"href":"https:\/\/floriemarie.fr\/index.php\/wp-json\/wp\/v2\/media\/131"}],"wp:attachment":[{"href":"https:\/\/floriemarie.fr\/index.php\/wp-json\/wp\/v2\/media?parent=681"}],"wp:term":[{"taxonomy":"category","embeddable":true,"href":"https:\/\/floriemarie.fr\/index.php\/wp-json\/wp\/v2\/categories?post=681"},{"taxonomy":"post_tag","embeddable":true,"href":"https:\/\/floriemarie.fr\/index.php\/wp-json\/wp\/v2\/tags?post=681"}],"curies":[{"name":"wp","href":"https:\/\/api.w.org\/{rel}","templated":true}]}}