{"id":673,"date":"2024-01-09T09:00:00","date_gmt":"2024-01-09T08:00:00","guid":{"rendered":"https:\/\/floriemarie.fr\/?p=673"},"modified":"2025-02-24T17:36:50","modified_gmt":"2025-02-24T16:36:50","slug":"matinale-du-09-01-2023-depardieu-godreche-et-les-vss-dans-le-monde-du-cinema","status":"publish","type":"post","link":"https:\/\/floriemarie.fr\/index.php\/2024\/01\/09\/matinale-du-09-01-2023-depardieu-godreche-et-les-vss-dans-le-monde-du-cinema\/","title":{"rendered":"Matinale du 09\/01\/2023 : Depardieu, Godr\u00e8che et les VSS dans le monde du cin\u00e9ma"},"content":{"rendered":"\n<figure class=\"wp-block-embed is-type-video is-provider-youtube wp-block-embed-youtube wp-embed-aspect-16-9 wp-has-aspect-ratio\"><div class=\"wp-block-embed__wrapper\">\n<iframe loading=\"lazy\" title=\"Matinale du 09\/01\/2024 : Depardieu, Godr\u00e8che et les VSS dans le monde du cin\u00e9ma\" width=\"500\" height=\"281\" src=\"https:\/\/www.youtube.com\/embed\/5uz2Aj3dTQg?feature=oembed\" frameborder=\"0\" allow=\"accelerometer; autoplay; clipboard-write; encrypted-media; gyroscope; picture-in-picture; web-share\" referrerpolicy=\"strict-origin-when-cross-origin\" allowfullscreen><\/iframe>\n<\/div><\/figure>\n\n\n\n<p>Les liens de la matinale : <\/p>\n\n\n\n<ul class=\"wp-block-list\">\n<li>Extrait de Compl\u00e9ment d&rsquo;Enqu\u00eate sur Depardieu : <br><a href=\"https:\/\/twitter.com\/Cdenquete\/status\/1732675926415069361 \">https:\/\/twitter.com\/Cdenquete\/status\/1732675926415069361 <\/a><\/li>\n\n\n\n<li>Depardieu : Pourquoi cette multiplication de tribunes ? <br><a href=\"https:\/\/www.arretsurimages.net\/chroniques\/les-enerve-es\/depardieu-pourquoi-cette-multiplication-de-tribunes\">https:\/\/www.arretsurimages.net\/chroniques\/les-enerve-es\/depardieu-pourquoi-cette-multiplication-de-tribunes<\/a><\/li>\n\n\n\n<li>Loopsider revient sur le Compl\u00e9ment d&rsquo;enqu\u00eate sur Depardieu : <br><a href=\"https:\/\/www.instagram.com\/reel\/C0me7Jrthgv\/ \">https:\/\/www.instagram.com\/reel\/C0me7Jrthgv\/ <\/a><\/li>\n\n\n\n<li>Affaire Depardieu : Le milieu du cin\u00e9ma est-il toxique ? <br><a href=\"https:\/\/www.radiofrance.fr\/franceculture\/podcasts\/france-culture-va-plus-loin-l-invite-e-des-matins\/affaire-depardieu-le-milieu-du-cinema-est-il-toxique-7306258 \">https:\/\/www.radiofrance.fr\/franceculture\/podcasts\/france-culture-va-plus-loin-l-invite-e-des-matins\/affaire-depardieu-le-milieu-du-cinema-est-il-toxique-7306258 <\/a><\/li>\n\n\n\n<li>Tribunal Populaire &#8211; Franjo <br><a href=\"https:\/\/www.youtube.com\/watch?v=1lAAVjsueyg \">https:\/\/www.youtube.com\/watch?v=1lAAVjsueyg <\/a><\/li>\n\n\n\n<li>Judith Godr\u00eache parle enfin de sa relation avec Benoit Jacquot quand elle avait 14 ans, voici pourquoi <br><a href=\"https:\/\/www.huffingtonpost.fr\/culture\/article\/judith-godreche-parle-enfin-de-sa-relation-avec-benoit-jacquot-quand-elle-avait-14-ans-voici-pourquoi_226964.html \">https:\/\/www.huffingtonpost.fr\/culture\/article\/judith-godreche-parle-enfin-de-sa-relation-avec-benoit-jacquot-quand-elle-avait-14-ans-voici-pourquoi_226964.html <\/a><\/li>\n\n\n\n<li>\u00ab\u00a0Il s&rsquo;appelle Benoit Jacquot\u00a0\u00bb : Judith Godr\u00eache d\u00e9nonce l&#8217;emprise qu&rsquo;a eue le r\u00e9alisateur sur elle lors de son adolescence <br><a href=\"https:\/\/www.lemonde.fr\/societe\/article\/2024\/01\/08\/il-s-appelle-benoit-jacquot-judith-godreche-denonce-l-emprise-qu-a-eue-le-realisateur-sur-elle-lors-de-son-adolescence_6209671_3224.html \">https:\/\/www.lemonde.fr\/societe\/article\/2024\/01\/08\/il-s-appelle-benoit-jacquot-judith-godreche-denonce-l-emprise-qu-a-eue-le-realisateur-sur-elle-lors-de-son-adolescence_6209671_3224.html <\/a><\/li>\n\n\n\n<li>Et une bonne grosse dose de dr\u00f4le et mignon : <br><a href=\"https:\/\/www.instagram.com\/reel\/C1RnWudrYgc\/ \n\">https:\/\/www.instagram.com\/reel\/C1RnWudrYgc\/ <br><\/a><a href=\"https:\/\/www.instagram.com\/reel\/C1XM6fWNiCE\/ \n\">https:\/\/www.instagram.com\/reel\/C1XM6fWNiCE\/ <br><\/a><a href=\"https:\/\/www.instagram.com\/reel\/C1QBtAtSVEP\/ \n\">https:\/\/www.instagram.com\/reel\/C1QBtAtSVEP\/ <br><\/a><a href=\"https:\/\/www.instagram.com\/reel\/CyKaykUhpZB\/ \n\">https:\/\/www.instagram.com\/reel\/CyKaykUhpZB\/ <br><\/a><a href=\"https:\/\/www.linkedin.com\/posts\/kenkuang_exciting-marble-race-video-arthrmrgn-ugcPost-7147471396443463680-yjkg\">https:\/\/www.linkedin.com\/posts\/kenkuang_exciting-marble-race-video-arthrmrgn-ugcPost-7147471396443463680-yjkg<\/a><\/li>\n<\/ul>\n","protected":false},"excerpt":{"rendered":"<p>Les liens de la matinale :<\/p>\n","protected":false},"author":1,"featured_media":131,"comment_status":"open","ping_status":"open","sticky":false,"template":"","format":"video","meta":{"footnotes":""},"categories":[7],"tags":[],"class_list":["post-673","post","type-post","status-publish","format-video","has-post-thumbnail","hentry","category-matinale-du-matin-tot-le-matin","post_format-post-format-video"],"_links":{"self":[{"href":"https:\/\/floriemarie.fr\/index.php\/wp-json\/wp\/v2\/posts\/673","targetHints":{"allow":["GET"]}}],"collection":[{"href":"https:\/\/floriemarie.fr\/index.php\/wp-json\/wp\/v2\/posts"}],"about":[{"href":"https:\/\/floriemarie.fr\/index.php\/wp-json\/wp\/v2\/types\/post"}],"author":[{"embeddable":true,"href":"https:\/\/floriemarie.fr\/index.php\/wp-json\/wp\/v2\/users\/1"}],"replies":[{"embeddable":true,"href":"https:\/\/floriemarie.fr\/index.php\/wp-json\/wp\/v2\/comments?post=673"}],"version-history":[{"count":2,"href":"https:\/\/floriemarie.fr\/index.php\/wp-json\/wp\/v2\/posts\/673\/revisions"}],"predecessor-version":[{"id":1236,"href":"https:\/\/floriemarie.fr\/index.php\/wp-json\/wp\/v2\/posts\/673\/revisions\/1236"}],"wp:featuredmedia":[{"embeddable":true,"href":"https:\/\/floriemarie.fr\/index.php\/wp-json\/wp\/v2\/media\/131"}],"wp:attachment":[{"href":"https:\/\/floriemarie.fr\/index.php\/wp-json\/wp\/v2\/media?parent=673"}],"wp:term":[{"taxonomy":"category","embeddable":true,"href":"https:\/\/floriemarie.fr\/index.php\/wp-json\/wp\/v2\/categories?post=673"},{"taxonomy":"post_tag","embeddable":true,"href":"https:\/\/floriemarie.fr\/index.php\/wp-json\/wp\/v2\/tags?post=673"}],"curies":[{"name":"wp","href":"https:\/\/api.w.org\/{rel}","templated":true}]}}