{"id":665,"date":"2024-01-04T09:00:00","date_gmt":"2024-01-04T08:00:00","guid":{"rendered":"https:\/\/floriemarie.fr\/?p=665"},"modified":"2025-02-24T17:37:33","modified_gmt":"2025-02-24T16:37:33","slug":"matinale-du-04-01-2024-interview-danne-lhuillier-attentat-a-paris-et-parlez-vous-parisien","status":"publish","type":"post","link":"https:\/\/floriemarie.fr\/index.php\/2024\/01\/04\/matinale-du-04-01-2024-interview-danne-lhuillier-attentat-a-paris-et-parlez-vous-parisien\/","title":{"rendered":"Matinale du 04\/01\/2024 : Interview d&rsquo;Anne L&rsquo;Huillier, attentat \u00e0 Paris et parlez vous parisien ?"},"content":{"rendered":"\n<figure class=\"wp-block-embed is-type-video is-provider-youtube wp-block-embed-youtube wp-embed-aspect-16-9 wp-has-aspect-ratio\"><div class=\"wp-block-embed__wrapper\">\n<iframe loading=\"lazy\" title=\"Matinale du 04\/01\/2024 : Interview d&#039;Anne L&#039;Huillier, attentat \u00e0 Paris et parlez vous parisien ?\" width=\"500\" height=\"281\" src=\"https:\/\/www.youtube.com\/embed\/rmAY0cQSRmM?feature=oembed\" frameborder=\"0\" allow=\"accelerometer; autoplay; clipboard-write; encrypted-media; gyroscope; picture-in-picture; web-share\" referrerpolicy=\"strict-origin-when-cross-origin\" allowfullscreen><\/iframe>\n<\/div><\/figure>\n\n\n\n<p>Les liens de la matines : <\/p>\n\n\n\n<ul class=\"wp-block-list\">\n<li>Anne L&rsquo;Huillier, prix Nobel de physique : \u00ab\u00a0J&rsquo;ai toujours fonctionn\u00e9 \u00e0 l&rsquo;intuition\u00a0\u00bb <br><a href=\"https:\/\/www.lemonde.fr\/sciences\/article\/2023\/12\/03\/anne-l-huillier-prix-nobel-de-physique-j-ai-toujours-fonctionne-a-l-intuition_6203626_1650684.html \">https:\/\/www.lemonde.fr\/sciences\/article\/2023\/12\/03\/anne-l-huillier-prix-nobel-de-physique-j-ai-toujours-fonctionne-a-l-intuition_6203626_1650684.html <\/a><\/li>\n\n\n\n<li>Attentat de Paris : Droite et extr\u00eame droite r\u00e9clament la d\u00e9tention pr\u00e9ventive des fich\u00e9s S <br><a href=\"https:\/\/www.liberation.fr\/politique\/attentat-de-paris-droite-et-extreme-droite-reclament-la-detention-preventive-des-fiches-s-20231203_34LYSI6WDNC5FDAHRSPRPZQURA\/ \">https:\/\/www.liberation.fr\/politique\/attentat-de-paris-droite-et-extreme-droite-reclament-la-detention-preventive-des-fiches-s-20231203_34LYSI6WDNC5FDAHRSPRPZQURA\/ <\/a><\/li>\n\n\n\n<li>Vu du Royaume-Uni : Parlez-vous parisien ? Comment causer comme un habitant de la capitale fran\u00e7aise <br><a href=\"https:\/\/www.courrierinternational.com\/article\/vu-du-royaume-uni-parlez-vous-parisien-comment-causer-comme-un-habitant-de-la-capitale-francaise \">https:\/\/www.courrierinternational.com\/article\/vu-du-royaume-uni-parlez-vous-parisien-comment-causer-comme-un-habitant-de-la-capitale-francaise <\/a><\/li>\n\n\n\n<li>Et votre dose de dr\u00f4le et mignon : <br><a href=\"https:\/\/www.instagram.com\/reel\/CxsscxLLaTI\/ \n\">https:\/\/www.instagram.com\/reel\/CxsscxLLaTI\/ <br><\/a><a href=\"https:\/\/www.instagram.com\/reel\/C04weA-yBM1\/ \n\">https:\/\/www.instagram.com\/reel\/C04weA-yBM1\/ <br><\/a><a href=\"https:\/\/www.instagram.com\/reel\/C0c419EtPbB\/ \n\">https:\/\/www.instagram.com\/reel\/C0c419EtPbB\/ <br><\/a><a href=\"https:\/\/www.instagram.com\/p\/C0erLiSL9ma\/\">https:\/\/www.instagram.com\/p\/C0erLiSL9ma\/<\/a><\/li>\n<\/ul>\n","protected":false},"excerpt":{"rendered":"<p>Les liens de la matines :<\/p>\n","protected":false},"author":1,"featured_media":131,"comment_status":"open","ping_status":"open","sticky":false,"template":"","format":"video","meta":{"footnotes":""},"categories":[7],"tags":[],"class_list":["post-665","post","type-post","status-publish","format-video","has-post-thumbnail","hentry","category-matinale-du-matin-tot-le-matin","post_format-post-format-video"],"_links":{"self":[{"href":"https:\/\/floriemarie.fr\/index.php\/wp-json\/wp\/v2\/posts\/665","targetHints":{"allow":["GET"]}}],"collection":[{"href":"https:\/\/floriemarie.fr\/index.php\/wp-json\/wp\/v2\/posts"}],"about":[{"href":"https:\/\/floriemarie.fr\/index.php\/wp-json\/wp\/v2\/types\/post"}],"author":[{"embeddable":true,"href":"https:\/\/floriemarie.fr\/index.php\/wp-json\/wp\/v2\/users\/1"}],"replies":[{"embeddable":true,"href":"https:\/\/floriemarie.fr\/index.php\/wp-json\/wp\/v2\/comments?post=665"}],"version-history":[{"count":2,"href":"https:\/\/floriemarie.fr\/index.php\/wp-json\/wp\/v2\/posts\/665\/revisions"}],"predecessor-version":[{"id":1239,"href":"https:\/\/floriemarie.fr\/index.php\/wp-json\/wp\/v2\/posts\/665\/revisions\/1239"}],"wp:featuredmedia":[{"embeddable":true,"href":"https:\/\/floriemarie.fr\/index.php\/wp-json\/wp\/v2\/media\/131"}],"wp:attachment":[{"href":"https:\/\/floriemarie.fr\/index.php\/wp-json\/wp\/v2\/media?parent=665"}],"wp:term":[{"taxonomy":"category","embeddable":true,"href":"https:\/\/floriemarie.fr\/index.php\/wp-json\/wp\/v2\/categories?post=665"},{"taxonomy":"post_tag","embeddable":true,"href":"https:\/\/floriemarie.fr\/index.php\/wp-json\/wp\/v2\/tags?post=665"}],"curies":[{"name":"wp","href":"https:\/\/api.w.org\/{rel}","templated":true}]}}