{"id":653,"date":"2023-12-22T09:00:00","date_gmt":"2023-12-22T08:00:00","guid":{"rendered":"https:\/\/floriemarie.fr\/?p=653"},"modified":"2024-01-06T17:32:55","modified_gmt":"2024-01-06T16:32:55","slug":"matinale-du-22-12-2023-la-loi-immigration","status":"publish","type":"post","link":"https:\/\/floriemarie.fr\/index.php\/2023\/12\/22\/matinale-du-22-12-2023-la-loi-immigration\/","title":{"rendered":"Matinale du 22\/12\/2023 : La Loi Immigration"},"content":{"rendered":"\n<p>Liens de la matinale : <\/p>\n\n\n\n<ul class=\"wp-block-list\">\n<li>Loi \u00ab immigration \u00bb : tout ce qui a chang\u00e9 entre le projet initial, la version du S\u00e9nat et de l\u2019Assembl\u00e9e et celle de la CMP <br><a href=\"https:\/\/www.lemonde.fr\/les-decodeurs\/article\/2023\/12\/19\/projet-de-loi-immigration-tout-ce-qui-a-change-entre-le-projet-initial-la-version-du-senat-et-de-l-assemblee-et-celle-de-la-cmp_6205115_4355771.html \">https:\/\/www.lemonde.fr\/les-decodeurs\/article\/2023\/12\/19\/projet-de-loi-immigration-tout-ce-qui-a-change-entre-le-projet-initial-la-version-du-senat-et-de-l-assemblee-et-celle-de-la-cmp_6205115_4355771.html <\/a><\/li>\n\n\n\n<li>Loi Immigration : le ministre de la Sant\u00e9 Aur\u00e9lien Rousseau a d\u00e9missionn\u00e9, Agn\u00e8s Firmin-Le Bodo assure l\u2019int\u00e9rim <br><a href=\"https:\/\/www.leparisien.fr\/societe\/sante\/loi-immigration-le-ministre-de-la-sante-aurelien-rousseau-a-demissionne-20-12-2023-C3D6IVIJ6BCFHLPCTLXO7Z4HLI.php \">https:\/\/www.leparisien.fr\/societe\/sante\/loi-immigration-le-ministre-de-la-sante-aurelien-rousseau-a-demissionne-20-12-2023-C3D6IVIJ6BCFHLPCTLXO7Z4HLI.php <\/a><\/li>\n\n\n\n<li>Projet de loi immigration : la ministre de l&rsquo;Enseignement sup\u00e9rieur Sylvie Retailleau a pr\u00e9sent\u00e9 sa d\u00e9mission, qui a \u00e9t\u00e9 refus\u00e9e <br><a href=\"https:\/\/www.francetvinfo.fr\/politique\/gouvernement-d-elisabeth-borne\/loi-immigration-la-ministre-de-l-enseignement-superieur-sylvie-retailleau-a-presente-sa-demission-qui-a-ete-refusee_6258624.html \">https:\/\/www.francetvinfo.fr\/politique\/gouvernement-d-elisabeth-borne\/loi-immigration-la-ministre-de-l-enseignement-superieur-sylvie-retailleau-a-presente-sa-demission-qui-a-ete-refusee_6258624.html <\/a><\/li>\n\n\n\n<li>Alors que la loi immigration est en passe d\u2019\u00eatre vot\u00e9e avec les voix du Rassemblement national, cinq \u00e9trangers vivant en France disent leur \u00abpeur\u00bb et racontent leurs parcours. Ils sont celles et ceux que l\u2019on n\u2019entend jamais. \u00ab \u00c0 l\u2019air libre \u00bb leur donne la parole. <br><a href=\"https:\/\/www.instagram.com\/reel\/C1FmdjZLjZF\/ \">https:\/\/www.instagram.com\/reel\/C1FmdjZLjZF\/ <\/a><\/li>\n\n\n\n<li>Vu de l\u2019\u00e9tranger. La loi immigration adopt\u00e9e, d\u00e9but ou fin de la crise ?<br><a href=\"https:\/\/www.courrierinternational.com\/article\/vu-de-l-etranger-la-loi-immigration-adoptee-debut-ou-fin-de-la-crise \">https:\/\/www.courrierinternational.com\/article\/vu-de-l-etranger-la-loi-immigration-adoptee-debut-ou-fin-de-la-crise <\/a><\/li>\n\n\n\n<li>Un thread de Maxime Combes sur la Loi Immigration <br><a href=\"https:\/\/twitter.com\/MaximCombes\/status\/1737751449801523646 \">https:\/\/twitter.com\/MaximCombes\/status\/1737751449801523646 <\/a><\/li>\n\n\n\n<li>D\u00e9cryptage du projet de loi immigration <br><a href=\"https:\/\/projetarcadie.com\/content\/decryptage-du-projet-loi-immigration \">https:\/\/projetarcadie.com\/content\/decryptage-du-projet-loi-immigration <\/a><\/li>\n\n\n\n<li>Et votre dose de dr\u00f4le et mignon : <br><a href=\"https:\/\/www.instagram.com\/reel\/C0V6OLTtbGU\/ \n\">https:\/\/www.instagram.com\/reel\/C0V6OLTtbGU\/ <br><\/a><a href=\"https:\/\/www.instagram.com\/reel\/C0SI0hEquQh\/ \n\">https:\/\/www.instagram.com\/reel\/C0SI0hEquQh\/ <br><\/a><a href=\"https:\/\/www.instagram.com\/p\/C0iQfKoxNvu\/\">https:\/\/www.instagram.com\/p\/C0iQfKoxNvu\/<\/a><\/li>\n<\/ul>\n","protected":false},"excerpt":{"rendered":"<p>Liens de la matinale :<\/p>\n","protected":false},"author":1,"featured_media":131,"comment_status":"open","ping_status":"open","sticky":false,"template":"","format":"video","meta":{"footnotes":""},"categories":[7],"tags":[],"class_list":["post-653","post","type-post","status-publish","format-video","has-post-thumbnail","hentry","category-matinale-du-matin-tot-le-matin","post_format-post-format-video"],"_links":{"self":[{"href":"https:\/\/floriemarie.fr\/index.php\/wp-json\/wp\/v2\/posts\/653","targetHints":{"allow":["GET"]}}],"collection":[{"href":"https:\/\/floriemarie.fr\/index.php\/wp-json\/wp\/v2\/posts"}],"about":[{"href":"https:\/\/floriemarie.fr\/index.php\/wp-json\/wp\/v2\/types\/post"}],"author":[{"embeddable":true,"href":"https:\/\/floriemarie.fr\/index.php\/wp-json\/wp\/v2\/users\/1"}],"replies":[{"embeddable":true,"href":"https:\/\/floriemarie.fr\/index.php\/wp-json\/wp\/v2\/comments?post=653"}],"version-history":[{"count":1,"href":"https:\/\/floriemarie.fr\/index.php\/wp-json\/wp\/v2\/posts\/653\/revisions"}],"predecessor-version":[{"id":654,"href":"https:\/\/floriemarie.fr\/index.php\/wp-json\/wp\/v2\/posts\/653\/revisions\/654"}],"wp:featuredmedia":[{"embeddable":true,"href":"https:\/\/floriemarie.fr\/index.php\/wp-json\/wp\/v2\/media\/131"}],"wp:attachment":[{"href":"https:\/\/floriemarie.fr\/index.php\/wp-json\/wp\/v2\/media?parent=653"}],"wp:term":[{"taxonomy":"category","embeddable":true,"href":"https:\/\/floriemarie.fr\/index.php\/wp-json\/wp\/v2\/categories?post=653"},{"taxonomy":"post_tag","embeddable":true,"href":"https:\/\/floriemarie.fr\/index.php\/wp-json\/wp\/v2\/tags?post=653"}],"curies":[{"name":"wp","href":"https:\/\/api.w.org\/{rel}","templated":true}]}}