{"id":645,"date":"2023-12-19T09:00:00","date_gmt":"2023-12-19T08:00:00","guid":{"rendered":"https:\/\/floriemarie.fr\/?p=645"},"modified":"2024-01-06T17:03:01","modified_gmt":"2024-01-06T16:03:01","slug":"matinale-du-19-12-2023-climat-et-environnement-les-actualites-recentes-de-lecologie","status":"publish","type":"post","link":"https:\/\/floriemarie.fr\/index.php\/2023\/12\/19\/matinale-du-19-12-2023-climat-et-environnement-les-actualites-recentes-de-lecologie\/","title":{"rendered":"Matinale du 19\/12\/2023 : Climat et environnement, les actualit\u00e9s r\u00e9centes de l&rsquo;\u00e9cologie"},"content":{"rendered":"\n<p>Les liens de la matinale : <\/p>\n\n\n\n<ul class=\"wp-block-list\">\n<li>Faut-il faire peur pour sauver la plan\u00e8te ? <a href=\"https:\/\/echangesclimatiques.medium.com\/faut-il-faire-peur-pour-sauver-la-plan\u00e8te-e8ea3f0aeeb5\">https:\/\/echangesclimatiques.medium.com\/faut-il-faire-peur-pour-sauver-la-plan\u00e8te-e8ea3f0aeeb5<\/a> <\/li>\n\n\n\n<li>Les 4 vid\u00e9os du d\u00e9vendeur de l&rsquo;ADEME <a href=\"https:\/\/mastodon.top\/@cyclyon\/111460192359970699\">https:\/\/mastodon.top\/@cyclyon\/111460192359970699<\/a> <\/li>\n\n\n\n<li>L&rsquo;eurod\u00e9put\u00e9e \u00e9cologiste de la Dr\u00f4me, Mich\u00e8le Rivasi, est d\u00e9c\u00e9d\u00e9e <a href=\"https:\/\/www.francebleu.fr\/infos\/politique\/l-eurodeputee-ecologiste-de-la-drome-michele-rivasi-est-decedee-6426636\">https:\/\/www.francebleu.fr\/infos\/politique\/l-eurodeputee-ecologiste-de-la-drome-michele-rivasi-est-decedee-6426636<\/a> <br><a href=\"https:\/\/www.euractiv.com\/section\/politics\/news\/pfizergate-affair-lead-eu-lawmaker-michele-rivasi-dies-aged-70\/\">https:\/\/www.euractiv.com\/section\/politics\/news\/pfizergate-affair-lead-eu-lawmaker-michele-rivasi-dies-aged-70\/<\/a> <\/li>\n\n\n\n<li>Pas moins de 900 tremblements de terre ont frapp\u00e9 le sud de l&rsquo;Islande. Le pays se pr\u00e9pare \u00e0 subir une importante \u00e9ruption volcanique et l\u2019enti\u00e8ret\u00e9 de la ville de Grindavik est menac\u00e9e par une coul\u00e9e de lave souterraine. <a href=\"https:\/\/www.instagram.com\/reel\/Czp-fvRrj87\/\">https:\/\/www.instagram.com\/reel\/Czp-fvRrj87\/<\/a> <\/li>\n\n\n\n<li>Pendant ce temps-l\u00e0. Oui vous avez bien vu. C&rsquo;est bien la situation en pleine journ\u00e9e. L&rsquo;Allemagne aussi va avoir besoin de #TripleNuclear2050 <a href=\"https:\/\/bsky.app\/profile\/voixdunucleaire.bsky.social\/post\/3kfl4hwvrhu2r\">https:\/\/bsky.app\/profile\/voixdunucleaire.bsky.social\/post\/3kfl4hwvrhu2r<\/a> <\/li>\n\n\n\n<li>D&rsquo;o\u00f9 vient le tsunami en Bavi\u00e8re ?? <a href=\"https:\/\/www.instagram.com\/reel\/C0Z_NuPoFRh\/\">https:\/\/www.instagram.com\/reel\/C0Z_NuPoFRh\/<\/a> <\/li>\n\n\n\n<li>Climat. Pour le pr\u00e9sident \u00e9mirati de la COP28, sortir des \u00e9nergies fossiles ram\u00e8nerait l\u2019humanit\u00e9 \u201c\u00e0 l\u2019\u00e2ge des cavernes\u201d <a href=\"https:\/\/www.courrierinternational.com\/article\/pour-le-president-emirati-de-la-cop28-mettre-fin-aux-energies-fossiles-ramenerait-l-humanite-a-l-age-des-cavernes\">https:\/\/www.courrierinternational.com\/article\/pour-le-president-emirati-de-la-cop28-mettre-fin-aux-energies-fossiles-ramenerait-l-humanite-a-l-age-des-cavernes<\/a> <\/li>\n\n\n\n<li>Appel au boycott de Pierre Fabre contre la construction de l&rsquo;A69 <a href=\"https:\/\/www.instagram.com\/reel\/C0KEC-JC-63\/\">https:\/\/www.instagram.com\/reel\/C0KEC-JC-63\/<\/a> <\/li>\n\n\n\n<li>Et votre dose de dr\u00f4le et mignon : <br><a href=\"https:\/\/www.instagram.com\/reel\/CxYDs65qjFn\/ \n\">https:\/\/www.instagram.com\/reel\/CxYDs65qjFn\/<\/a><br><a href=\"https:\/\/www.instagram.com\/reel\/C0VeuShLh1g\/ \n\">https:\/\/www.instagram.com\/reel\/C0VeuShLh1g\/<\/a><br><a href=\"https:\/\/www.instagram.com\/reel\/CzaGYn3y7R3\/ \n\">https:\/\/www.instagram.com\/reel\/CzaGYn3y7R3\/<\/a><br><a href=\"https:\/\/www.instagram.com\/reel\/Cy5kBRCszm2\/\">https:\/\/www.instagram.com\/reel\/Cy5kBRCszm2\/<\/a><\/li>\n<\/ul>\n","protected":false},"excerpt":{"rendered":"<p>Les liens de la matinale :<\/p>\n","protected":false},"author":1,"featured_media":131,"comment_status":"open","ping_status":"open","sticky":false,"template":"","format":"video","meta":{"footnotes":""},"categories":[7],"tags":[],"class_list":["post-645","post","type-post","status-publish","format-video","has-post-thumbnail","hentry","category-matinale-du-matin-tot-le-matin","post_format-post-format-video"],"_links":{"self":[{"href":"https:\/\/floriemarie.fr\/index.php\/wp-json\/wp\/v2\/posts\/645","targetHints":{"allow":["GET"]}}],"collection":[{"href":"https:\/\/floriemarie.fr\/index.php\/wp-json\/wp\/v2\/posts"}],"about":[{"href":"https:\/\/floriemarie.fr\/index.php\/wp-json\/wp\/v2\/types\/post"}],"author":[{"embeddable":true,"href":"https:\/\/floriemarie.fr\/index.php\/wp-json\/wp\/v2\/users\/1"}],"replies":[{"embeddable":true,"href":"https:\/\/floriemarie.fr\/index.php\/wp-json\/wp\/v2\/comments?post=645"}],"version-history":[{"count":1,"href":"https:\/\/floriemarie.fr\/index.php\/wp-json\/wp\/v2\/posts\/645\/revisions"}],"predecessor-version":[{"id":646,"href":"https:\/\/floriemarie.fr\/index.php\/wp-json\/wp\/v2\/posts\/645\/revisions\/646"}],"wp:featuredmedia":[{"embeddable":true,"href":"https:\/\/floriemarie.fr\/index.php\/wp-json\/wp\/v2\/media\/131"}],"wp:attachment":[{"href":"https:\/\/floriemarie.fr\/index.php\/wp-json\/wp\/v2\/media?parent=645"}],"wp:term":[{"taxonomy":"category","embeddable":true,"href":"https:\/\/floriemarie.fr\/index.php\/wp-json\/wp\/v2\/categories?post=645"},{"taxonomy":"post_tag","embeddable":true,"href":"https:\/\/floriemarie.fr\/index.php\/wp-json\/wp\/v2\/tags?post=645"}],"curies":[{"name":"wp","href":"https:\/\/api.w.org\/{rel}","templated":true}]}}