{"id":624,"date":"2023-12-13T09:00:00","date_gmt":"2023-12-13T08:00:00","guid":{"rendered":"https:\/\/floriemarie.fr\/?p=624"},"modified":"2023-12-22T09:39:42","modified_gmt":"2023-12-22T08:39:42","slug":"matinale-du-13-12-2023-ademe-vs-black-friday-redevance-copie-privee-et-etat-de-la-fibre-en-france","status":"publish","type":"post","link":"https:\/\/floriemarie.fr\/index.php\/2023\/12\/13\/matinale-du-13-12-2023-ademe-vs-black-friday-redevance-copie-privee-et-etat-de-la-fibre-en-france\/","title":{"rendered":"Matinale du 13\/12\/2023 : ADEME vs Black Friday, redevance copie priv\u00e9e et \u00e9tat de la fibre en France"},"content":{"rendered":"\n<p>Les liens de ce matin : <\/p>\n\n\n\n<ul class=\"wp-block-list\">\n<li>Une campagne de publicit\u00e9 vantant la sobri\u00e9t\u00e9 d\u00e9clenche l\u2019irritation des commer\u00e7ants <a href=\"https:\/\/www.lemonde.fr\/economie\/article\/2023\/11\/22\/une-campagne-de-publicite-vantant-la-sobriete-declenche-l-irritation-des-commercants_6201689_3234.html\">https:\/\/www.lemonde.fr\/economie\/article\/2023\/11\/22\/une-campagne-de-publicite-vantant-la-sobriete-declenche-l-irritation-des-commercants_6201689_3234.html<\/a> <\/li>\n\n\n\n<li>14\u20ac par smartphone : un d\u00e9put\u00e9 s&rsquo;attaque \u00e0 l&rsquo;opacit\u00e9 de la redevance copie priv\u00e9e <a href=\"https:\/\/www.bfmtv.com\/tech\/smartphone\/14-euros-par-smartphone-un-depute-s-attaque-a-l-opacite-de-la-redevance-copie-privee_AV-202311210727.html\">https:\/\/www.bfmtv.com\/tech\/smartphone\/14-euros-par-smartphone-un-depute-s-attaque-a-l-opacite-de-la-redevance-copie-privee_AV-202311210727.html<\/a> <\/li>\n\n\n\n<li>Enqu\u00eate? Les naufrag\u00e9s de la fibre optique : \u00ab Je n\u2019ai plus internet depuis 14 mois \u00bb <a href=\"https:\/\/actu.fr\/societe\/enquete-naufrages-de-la-fibre-optique-je-n-ai-plus-internet-depuis-14-mois_60360884.html\">https:\/\/actu.fr\/societe\/enquete-naufrages-de-la-fibre-optique-je-n-ai-plus-internet-depuis-14-mois_60360884.html<\/a> <\/li>\n\n\n\n<li>Et votre dose de dr\u00f4le et mignon du matin : <br><a href=\"https:\/\/www.instagram.com\/reel\/Cxui_8sJ2h_\/\">https:\/\/www.instagram.com\/reel\/Cxui_8sJ2h_\/<\/a> <br><a href=\"https:\/\/www.instagram.com\/reel\/Cz81lGIC7vg\/\">https:\/\/www.instagram.com\/reel\/Cz81lGIC7vg\/<\/a> <br><a href=\"https:\/\/www.instagram.com\/reel\/Cz2UkyCufw4\/\">https:\/\/www.instagram.com\/reel\/Cz2UkyCufw4\/<\/a> <br><a href=\"https:\/\/www.instagram.com\/reel\/Czk4pjsqOlX\/\">https:\/\/www.instagram.com\/reel\/Czk4pjsqOlX\/<\/a><\/li>\n<\/ul>\n","protected":false},"excerpt":{"rendered":"<p>Les liens de ce matin :<\/p>\n","protected":false},"author":1,"featured_media":131,"comment_status":"open","ping_status":"open","sticky":false,"template":"","format":"video","meta":{"footnotes":""},"categories":[7],"tags":[],"class_list":["post-624","post","type-post","status-publish","format-video","has-post-thumbnail","hentry","category-matinale-du-matin-tot-le-matin","post_format-post-format-video"],"_links":{"self":[{"href":"https:\/\/floriemarie.fr\/index.php\/wp-json\/wp\/v2\/posts\/624","targetHints":{"allow":["GET"]}}],"collection":[{"href":"https:\/\/floriemarie.fr\/index.php\/wp-json\/wp\/v2\/posts"}],"about":[{"href":"https:\/\/floriemarie.fr\/index.php\/wp-json\/wp\/v2\/types\/post"}],"author":[{"embeddable":true,"href":"https:\/\/floriemarie.fr\/index.php\/wp-json\/wp\/v2\/users\/1"}],"replies":[{"embeddable":true,"href":"https:\/\/floriemarie.fr\/index.php\/wp-json\/wp\/v2\/comments?post=624"}],"version-history":[{"count":2,"href":"https:\/\/floriemarie.fr\/index.php\/wp-json\/wp\/v2\/posts\/624\/revisions"}],"predecessor-version":[{"id":626,"href":"https:\/\/floriemarie.fr\/index.php\/wp-json\/wp\/v2\/posts\/624\/revisions\/626"}],"wp:featuredmedia":[{"embeddable":true,"href":"https:\/\/floriemarie.fr\/index.php\/wp-json\/wp\/v2\/media\/131"}],"wp:attachment":[{"href":"https:\/\/floriemarie.fr\/index.php\/wp-json\/wp\/v2\/media?parent=624"}],"wp:term":[{"taxonomy":"category","embeddable":true,"href":"https:\/\/floriemarie.fr\/index.php\/wp-json\/wp\/v2\/categories?post=624"},{"taxonomy":"post_tag","embeddable":true,"href":"https:\/\/floriemarie.fr\/index.php\/wp-json\/wp\/v2\/tags?post=624"}],"curies":[{"name":"wp","href":"https:\/\/api.w.org\/{rel}","templated":true}]}}