{"id":575,"date":"2023-12-01T09:00:00","date_gmt":"2023-12-01T08:00:00","guid":{"rendered":"https:\/\/floriemarie.fr\/?p=575"},"modified":"2023-12-06T10:13:34","modified_gmt":"2023-12-06T09:13:34","slug":"matinale-du-01-12-2023-marche-contre-lantisemitisme-affaires-ppda-interview-de-jancovici-et-hidalgo-vs-les-suv-a-paris","status":"publish","type":"post","link":"https:\/\/floriemarie.fr\/index.php\/2023\/12\/01\/matinale-du-01-12-2023-marche-contre-lantisemitisme-affaires-ppda-interview-de-jancovici-et-hidalgo-vs-les-suv-a-paris\/","title":{"rendered":"Matinale du 01\/12\/2023 : Marche contre l&rsquo;antis\u00e9mitisme, affaires PPDA, interview de Jancovici et Hidalgo vs les SUV \u00e0 Paris"},"content":{"rendered":"\n<p>Les actus du matin : <\/p>\n\n\n\n<ul class=\"wp-block-list\">\n<li>Vu d&rsquo;Allemagne : marche contre l&rsquo;antis\u00e9mitisme, Marine Le Pen \u00ab\u00a0marque des points\u00a0\u00bb <a href=\"https:\/\/www.courrierinternational.com\/article\/vu-d-allemagne-marche-contre-l-antisemitisme-marine-le-pen-marque-des-points\">https:\/\/www.courrierinternational.com\/article\/vu-d-allemagne-marche-contre-l-antisemitisme-marine-le-pen-marque-des-points<\/a> <\/li>\n\n\n\n<li>1000 jours apr\u00e8s la plainte pour viol d\u00e9pos\u00e9e par Florence Porcel, o\u00f9 on en est des nombreuses affaires autour de PPDA ? <a href=\"https:\/\/bsky.app\/profile\/florenceporcel.bsky.social\/post\/3ke3gsbwyhc2b\">https:\/\/bsky.app\/profile\/florenceporcel.bsky.social\/post\/3ke3gsbwyhc2b<\/a> <\/li>\n\n\n\n<li>Jean-Marc Jancovici : \u00ab\u00a0La richesse suisse s&rsquo;est faite gr\u00e2ce aux \u00e9nergies fossiles\u00a0\u00bb <a href=\"https:\/\/www.letemps.ch\/sciences\/jean-marc-jancovici-la-richesse-suisse-s-est-faite-grace-aux-energies-fossiles\">https:\/\/www.letemps.ch\/sciences\/jean-marc-jancovici-la-richesse-suisse-s-est-faite-grace-aux-energies-fossiles<\/a> <\/li>\n\n\n\n<li>Consultation citoyenne : Plus ou moins de SUV \u00e0 Paris ? <a href=\"https:\/\/www.linkedin.com\/posts\/anne-hidalgo_plus-ou-moins-de-suv-\u00e0-paris-voici-la-activity-7130219559722061824-0q19\">https:\/\/www.linkedin.com\/posts\/anne-hidalgo_plus-ou-moins-de-suv-\u00e0-paris-voici-la-activity-7130219559722061824-0q19<\/a> <\/li>\n\n\n\n<li>Et votre dose de dr\u00f4le et mignon : <br><a href=\"https:\/\/www.instagram.com\/reel\/Czep0h1Ltrn\/\">https:\/\/www.instagram.com\/reel\/Czep0h1Ltrn\/<\/a> <br><a href=\"https:\/\/www.instagram.com\/reel\/CzeRsf-xCI3\/\">https:\/\/www.instagram.com\/reel\/CzeRsf-xCI3\/<\/a><\/li>\n<\/ul>\n","protected":false},"excerpt":{"rendered":"<p>Les actus du matin :<\/p>\n","protected":false},"author":1,"featured_media":131,"comment_status":"open","ping_status":"open","sticky":false,"template":"","format":"video","meta":{"footnotes":""},"categories":[7],"tags":[],"class_list":["post-575","post","type-post","status-publish","format-video","has-post-thumbnail","hentry","category-matinale-du-matin-tot-le-matin","post_format-post-format-video"],"_links":{"self":[{"href":"https:\/\/floriemarie.fr\/index.php\/wp-json\/wp\/v2\/posts\/575","targetHints":{"allow":["GET"]}}],"collection":[{"href":"https:\/\/floriemarie.fr\/index.php\/wp-json\/wp\/v2\/posts"}],"about":[{"href":"https:\/\/floriemarie.fr\/index.php\/wp-json\/wp\/v2\/types\/post"}],"author":[{"embeddable":true,"href":"https:\/\/floriemarie.fr\/index.php\/wp-json\/wp\/v2\/users\/1"}],"replies":[{"embeddable":true,"href":"https:\/\/floriemarie.fr\/index.php\/wp-json\/wp\/v2\/comments?post=575"}],"version-history":[{"count":2,"href":"https:\/\/floriemarie.fr\/index.php\/wp-json\/wp\/v2\/posts\/575\/revisions"}],"predecessor-version":[{"id":583,"href":"https:\/\/floriemarie.fr\/index.php\/wp-json\/wp\/v2\/posts\/575\/revisions\/583"}],"wp:featuredmedia":[{"embeddable":true,"href":"https:\/\/floriemarie.fr\/index.php\/wp-json\/wp\/v2\/media\/131"}],"wp:attachment":[{"href":"https:\/\/floriemarie.fr\/index.php\/wp-json\/wp\/v2\/media?parent=575"}],"wp:term":[{"taxonomy":"category","embeddable":true,"href":"https:\/\/floriemarie.fr\/index.php\/wp-json\/wp\/v2\/categories?post=575"},{"taxonomy":"post_tag","embeddable":true,"href":"https:\/\/floriemarie.fr\/index.php\/wp-json\/wp\/v2\/tags?post=575"}],"curies":[{"name":"wp","href":"https:\/\/api.w.org\/{rel}","templated":true}]}}