{"id":569,"date":"2023-11-28T09:00:00","date_gmt":"2023-11-28T08:00:00","guid":{"rendered":"https:\/\/floriemarie.fr\/?p=569"},"modified":"2023-12-01T21:12:44","modified_gmt":"2023-12-01T20:12:44","slug":"matinale-du-28-11-2023-accident-sur-la43-marche-contre-lantisemitisme-et-autres-actualites-francaises","status":"publish","type":"post","link":"https:\/\/floriemarie.fr\/index.php\/2023\/11\/28\/matinale-du-28-11-2023-accident-sur-la43-marche-contre-lantisemitisme-et-autres-actualites-francaises\/","title":{"rendered":"Matinale du 28\/11\/2023 : Accident sur l&rsquo;A43, marche contre l&rsquo;antis\u00e9mitisme et autres actualit\u00e9s fran\u00e7aises"},"content":{"rendered":"\n<p>Les liens du matin : <\/p>\n\n\n\n<ul class=\"wp-block-list\">\n<li>Pol\u00e9mique st\u00e9rile sur la couleur de la cocarde&#8230; apparemment \u00e7a a bien occup\u00e9 le Twitter fran\u00e7ais&#8230; <a href=\"https:\/\/x.com\/saiyanbio\/status\/1722208368918724930?s=46&amp;t=TNw4USxR4BIfYbsIt5TUGg\" target=\"_blank\" rel=\"noreferrer noopener\">https:\/\/x.com\/saiyanbio\/status\/1722208368918724930?s=46&amp;t=TNw4USxR4BIfYbsIt5TUGg<\/a> <\/li>\n\n\n\n<li>Royaume-Uni. \u00ab\u00a0265 ans de retard\u00a0\u00bb : des lettres destin\u00e9es \u00e0 des marins fran\u00e7ais emprisonn\u00e9s enfin ouvertes <a href=\"https:\/\/www.courrierinternational.com\/article\/royaume-uni-265-ans-de-retard-des-lettres-destinees-a-des-marins-francais-emprisonnes-enfin-ouvertes\" target=\"_blank\" rel=\"noreferrer noopener\">https:\/\/www.courrierinternational.com\/article\/royaume-uni-265-ans-de-retard-des-lettres-destinees-a-des-marins-francais-emprisonnes-enfin-ouvertes<\/a> <\/li>\n\n\n\n<li>Sur l&rsquo;A43 pr\u00e8s de Lyon, des vaches perdues en pleine nuit et un bless\u00e9 gr\u00e2ce apr\u00e8s deux accidents <a href=\"https:\/\/www.huffingtonpost.fr\/france\/article\/sur-l-a43-pres-de-lyon-des-vaches-perdues-en-pleine-nuit-et-un-blesse-grave-apres-deux-accidents_225485.html\" target=\"_blank\" rel=\"noreferrer noopener\">https:\/\/www.huffingtonpost.fr\/france\/article\/sur-l-a43-pres-de-lyon-des-vaches-perdues-en-pleine-nuit-et-un-blesse-grave-apres-deux-accidents_225485.html<\/a> <\/li>\n\n\n\n<li>Tir de missile en France&#8230; (j&rsquo;imagine que \u00e7a doit int\u00e9resser des gens ce genre d&rsquo;information&#8230;) <a href=\"https:\/\/fxtwitter.com\/L_ThinkTank\/status\/1722771726973415868?t=C0iK35nUBDe7S6Rfmvb8sg&amp;s=19\" target=\"_blank\" rel=\"noreferrer noopener\">https:\/\/fxtwitter.com\/L_ThinkTank\/status\/1722771726973415868?t=C0iK35nUBDe7S6Rfmvb8sg&amp;s=19<\/a> <\/li>\n\n\n\n<li>Marche contre l&rsquo;antis\u00e9mitisme : le pouvoir pris \u00e0 son propre pi\u00e8ge <a href=\"https:\/\/www.mediapart.fr\/journal\/politique\/091123\/marche-contre-l-antisemitisme-le-pouvoir-pris-son-propre-piege\" target=\"_blank\" rel=\"noreferrer noopener\">https:\/\/www.mediapart.fr\/journal\/politique\/091123\/marche-contre-l-antisemitisme-le-pouvoir-pris-son-propre-piege<\/a><\/li>\n\n\n\n<li>Et votre dose de dr\u00f4le et mignon <a href=\"https:\/\/www.instagram.com\/reel\/CzLs7vHsokY\/?igshid=cW4wcjViaDRtOTg3\" target=\"_blank\" rel=\"noreferrer noopener\">https:\/\/www.instagram.com\/reel\/CzLs7vHsokY\/<\/a> <a href=\"https:\/\/www.instagram.com\/reel\/CzcV0xkMCUv\/?igshid=MTk5aXloamh6ZGt0\" target=\"_blank\" rel=\"noreferrer noopener\">https:\/\/www.instagram.com\/reel\/CzcV0xkMCUv\/<\/a> <a href=\"https:\/\/www.instagram.com\/reel\/CyQoJiEyreZ\/?igshid=YzRjNWN5ZXd0NTZ0\" target=\"_blank\" rel=\"noreferrer noopener\">https:\/\/www.instagram.com\/reel\/CyQoJiEyreZ\/<\/a><\/li>\n<\/ul>\n","protected":false},"excerpt":{"rendered":"<p>Les liens du matin :<\/p>\n","protected":false},"author":1,"featured_media":131,"comment_status":"open","ping_status":"open","sticky":false,"template":"","format":"video","meta":{"footnotes":""},"categories":[7],"tags":[],"class_list":["post-569","post","type-post","status-publish","format-video","has-post-thumbnail","hentry","category-matinale-du-matin-tot-le-matin","post_format-post-format-video"],"_links":{"self":[{"href":"https:\/\/floriemarie.fr\/index.php\/wp-json\/wp\/v2\/posts\/569","targetHints":{"allow":["GET"]}}],"collection":[{"href":"https:\/\/floriemarie.fr\/index.php\/wp-json\/wp\/v2\/posts"}],"about":[{"href":"https:\/\/floriemarie.fr\/index.php\/wp-json\/wp\/v2\/types\/post"}],"author":[{"embeddable":true,"href":"https:\/\/floriemarie.fr\/index.php\/wp-json\/wp\/v2\/users\/1"}],"replies":[{"embeddable":true,"href":"https:\/\/floriemarie.fr\/index.php\/wp-json\/wp\/v2\/comments?post=569"}],"version-history":[{"count":1,"href":"https:\/\/floriemarie.fr\/index.php\/wp-json\/wp\/v2\/posts\/569\/revisions"}],"predecessor-version":[{"id":570,"href":"https:\/\/floriemarie.fr\/index.php\/wp-json\/wp\/v2\/posts\/569\/revisions\/570"}],"wp:featuredmedia":[{"embeddable":true,"href":"https:\/\/floriemarie.fr\/index.php\/wp-json\/wp\/v2\/media\/131"}],"wp:attachment":[{"href":"https:\/\/floriemarie.fr\/index.php\/wp-json\/wp\/v2\/media?parent=569"}],"wp:term":[{"taxonomy":"category","embeddable":true,"href":"https:\/\/floriemarie.fr\/index.php\/wp-json\/wp\/v2\/categories?post=569"},{"taxonomy":"post_tag","embeddable":true,"href":"https:\/\/floriemarie.fr\/index.php\/wp-json\/wp\/v2\/tags?post=569"}],"curies":[{"name":"wp","href":"https:\/\/api.w.org\/{rel}","templated":true}]}}