{"id":566,"date":"2023-11-27T09:00:00","date_gmt":"2023-11-27T08:00:00","guid":{"rendered":"https:\/\/floriemarie.fr\/?p=566"},"modified":"2023-11-29T09:16:51","modified_gmt":"2023-11-29T08:16:51","slug":"matinale-du-27-11-2023-droits-des-personnes-trans-ecriture-inclusive-et-femmes-dans-le-numerique","status":"publish","type":"post","link":"https:\/\/floriemarie.fr\/index.php\/2023\/11\/27\/matinale-du-27-11-2023-droits-des-personnes-trans-ecriture-inclusive-et-femmes-dans-le-numerique\/","title":{"rendered":"Matinale du 27\/11\/2023 : Droits des personnes trans, \u00e9criture inclusive et femmes dans le num\u00e9rique"},"content":{"rendered":"\n<p>La matinale ce matin d\u00e9di\u00e9e aux droits des femmes et personnes trans avec : <\/p>\n\n\n\n<ul class=\"wp-block-list\">\n<li>\u00ab\u00a0J&rsquo;\u00e9tais au tribunal pour d\u00e9fendre ma vie\u00a0\u00bb <a href=\"https:\/\/lesjours.fr\/obsessions\/transidentites\/ep1-justice-discriminations\/\">https:\/\/lesjours.fr\/obsessions\/transidentites\/ep1-justice-discriminations\/<\/a> <\/li>\n\n\n\n<li>\u00ab\u00a0En fran\u00e7ais, le masculin fait l&rsquo;homme, le dominant, il ne \u00ab\u00a0fait pas le neutre\u00a0\u00bb\u00a0\u00bb : la tribune de 130 f\u00e9ministes en r\u00e9ponse \u00e0 Macron <a href=\"https:\/\/www.lemonde.fr\/idees\/article\/2023\/11\/07\/en-francais-le-masculin-fait-l-homme-le-dominant-il-ne-fait-pas-le-neutre-la-tribune-de-130-personnalites-feministes_6198705_3232.html\">https:\/\/www.lemonde.fr\/idees\/article\/2023\/11\/07\/en-francais-le-masculin-fait-l-homme-le-dominant-il-ne-fait-pas-le-neutre-la-tribune-de-130-personnalites-feministes_6198705_3232.html<\/a> <\/li>\n\n\n\n<li>\u00ab\u00a0Le combat de l&rsquo;\u00e9criture inclusive est une impasse\u00a0\u00bb ou comment Authueil d\u00e9montre \u00e0 quel point il est ancr\u00e9 dans le syst\u00e8me patriarcal (avec le mot \u00ab\u00a0hyst\u00e9rique\u00a0\u00bb dans le texte, oui oui, il a os\u00e9) <a href=\"http:\/\/authueil.fr\/2023\/11\/07\/le-combat-de-lecriture-inclusive-est-une-impasse\/\">http:\/\/authueil.fr\/2023\/11\/07\/le-combat-de-lecriture-inclusive-est-une-impasse\/<\/a> <\/li>\n\n\n\n<li>Rapport : La femme invisible dans le num\u00e9rique, le cercle vicieux du sexisme <a href=\"https:\/\/www.haut-conseil-egalite.gouv.fr\/parite\/actualites\/article\/rapport-la-femme-invisible-dans-le-numerique-le-cercle-vicieux-du-sexisme\">https:\/\/www.haut-conseil-egalite.gouv.fr\/parite\/actualites\/article\/rapport-la-femme-invisible-dans-le-numerique-le-cercle-vicieux-du-sexisme<\/a> <\/li>\n\n\n\n<li>Et votre dose de dr\u00f4le et mignon du matin : <a href=\"https:\/\/www.instagram.com\/reel\/Cy6A7z4xLEB\/\">https:\/\/www.instagram.com\/reel\/Cy6A7z4xLEB\/<\/a> <a href=\"https:\/\/www.instagram.com\/reel\/CwwnVlkJQKE\/\">https:\/\/www.instagram.com\/reel\/CwwnVlkJQKE\/<\/a> <a href=\"https:\/\/www.instagram.com\/reel\/CyEGdwegWKq\/\">https:\/\/www.instagram.com\/reel\/CyEGdwegWKq\/<\/a><\/li>\n<\/ul>\n","protected":false},"excerpt":{"rendered":"<p>La matinale ce matin d\u00e9di\u00e9e aux droits des femmes et personnes trans avec :<\/p>\n","protected":false},"author":1,"featured_media":131,"comment_status":"open","ping_status":"open","sticky":false,"template":"","format":"video","meta":{"footnotes":""},"categories":[7],"tags":[],"class_list":["post-566","post","type-post","status-publish","format-video","has-post-thumbnail","hentry","category-matinale-du-matin-tot-le-matin","post_format-post-format-video"],"_links":{"self":[{"href":"https:\/\/floriemarie.fr\/index.php\/wp-json\/wp\/v2\/posts\/566","targetHints":{"allow":["GET"]}}],"collection":[{"href":"https:\/\/floriemarie.fr\/index.php\/wp-json\/wp\/v2\/posts"}],"about":[{"href":"https:\/\/floriemarie.fr\/index.php\/wp-json\/wp\/v2\/types\/post"}],"author":[{"embeddable":true,"href":"https:\/\/floriemarie.fr\/index.php\/wp-json\/wp\/v2\/users\/1"}],"replies":[{"embeddable":true,"href":"https:\/\/floriemarie.fr\/index.php\/wp-json\/wp\/v2\/comments?post=566"}],"version-history":[{"count":1,"href":"https:\/\/floriemarie.fr\/index.php\/wp-json\/wp\/v2\/posts\/566\/revisions"}],"predecessor-version":[{"id":567,"href":"https:\/\/floriemarie.fr\/index.php\/wp-json\/wp\/v2\/posts\/566\/revisions\/567"}],"wp:featuredmedia":[{"embeddable":true,"href":"https:\/\/floriemarie.fr\/index.php\/wp-json\/wp\/v2\/media\/131"}],"wp:attachment":[{"href":"https:\/\/floriemarie.fr\/index.php\/wp-json\/wp\/v2\/media?parent=566"}],"wp:term":[{"taxonomy":"category","embeddable":true,"href":"https:\/\/floriemarie.fr\/index.php\/wp-json\/wp\/v2\/categories?post=566"},{"taxonomy":"post_tag","embeddable":true,"href":"https:\/\/floriemarie.fr\/index.php\/wp-json\/wp\/v2\/tags?post=566"}],"curies":[{"name":"wp","href":"https:\/\/api.w.org\/{rel}","templated":true}]}}