{"id":537,"date":"2023-11-17T09:00:00","date_gmt":"2023-11-17T08:00:00","guid":{"rendered":"https:\/\/floriemarie.fr\/?p=537"},"modified":"2023-11-21T12:15:53","modified_gmt":"2023-11-21T11:15:53","slug":"matinale-du-17-11-2023-jo-2024-espionnage-proces-dupond-moretti-juifs-de-sarcelles-argoud-recuse-a-la-cnda-et-49-3","status":"publish","type":"post","link":"https:\/\/floriemarie.fr\/index.php\/2023\/11\/17\/matinale-du-17-11-2023-jo-2024-espionnage-proces-dupond-moretti-juifs-de-sarcelles-argoud-recuse-a-la-cnda-et-49-3\/","title":{"rendered":"Matinale du 17\/11\/2023 : JO 2024, espionnage, Proc\u00e8s Dupond-Moretti, juifs de Sarcelles, Argoud r\u00e9cus\u00e9 \u00e0 la CNDA et 49.3"},"content":{"rendered":"\n<p>Les liens de la matinale :<\/p>\n\n\n\n<ul class=\"wp-block-list\">\n<li>Vu de l\u2019\u00e9tranger. Avant les JO, la France saura-t-elle tirer les le\u00e7ons de la Coupe du monde de rugby\u00a0? <a href=\"https:\/\/www.courrierinternational.com\/article\/vu-de-l-etranger-avant-les-j-o-la-france-saura-t-elle-tirer-les-lecons-de-la-coupe-du-monde-de-rugby\">https:\/\/www.courrierinternational.com\/article\/vu-de-l-etranger-avant-les-j-o-la-france-saura-t-elle-tirer-les-lecons-de-la-coupe-du-monde-de-rugby<\/a><\/li>\n\n\n\n<li>Plus de 4\u00a0000 espions et agents d\u2019influence sont surveill\u00e9s en France <a href=\"https:\/\/www.mediapart.fr\/journal\/france\/021123\/plus-de-4-000-espions-et-agents-d-influence-sont-surveilles-en-france\">https:\/\/www.mediapart.fr\/journal\/france\/021123\/plus-de-4-000-espions-et-agents-d-influence-sont-surveilles-en-france<\/a><\/li>\n\n\n\n<li>Le ministre de la Justice, Eric Dupond-Moretti, restera \u00e0 son poste pendant son proc\u00e8s pour prise ill\u00e9gale d&rsquo;int\u00e9r\u00eats <a href=\"https:\/\/www.francetvinfo.fr\/politique\/eric-dupond-moretti\/le-ministre-eric-dupond-moretti-restera-a-son-poste-pendant-son-proces-pour-prise-illegale-d-interets_6159756.html\">https:\/\/www.francetvinfo.fr\/politique\/eric-dupond-moretti\/le-ministre-eric-dupond-moretti-restera-a-son-poste-pendant-son-proces-pour-prise-illegale-d-interets_6159756.html<\/a><\/li>\n\n\n\n<li>Proc\u00e8s d&rsquo;Eric Dupond-Moretti pour prise ill\u00e9gale d&rsquo;int\u00e9r\u00eats : la Cour de justice de la R\u00e9publique rendra sa d\u00e9cision le 29\u00a0novembre <a href=\"https:\/\/www.francetvinfo.fr\/politique\/eric-dupond-moretti\/proces-d-eric-dupond-moretti-pour-prise-illegale-d-interets-la-cour-de-justice-de-la-republique-rendra-sa-decision-le-29-novembre_6187527.html\">https:\/\/www.francetvinfo.fr\/politique\/eric-dupond-moretti\/proces-d-eric-dupond-moretti-pour-prise-illegale-d-interets-la-cour-de-justice-de-la-republique-rendra-sa-decision-le-29-novembre_6187527.html<\/a><\/li>\n\n\n\n<li>Reportage. La communaut\u00e9 juive de Sarcelles vit dans la crainte depuis les attaques du Hamas <a href=\"https:\/\/www.courrierinternational.com\/article\/reportage-la-communaute-juive-de-sarcelles-vit-dans-la-crainte-depuis-les-attaques-du-hamas\">https:\/\/www.courrierinternational.com\/article\/reportage-la-communaute-juive-de-sarcelles-vit-dans-la-crainte-depuis-les-attaques-du-hamas<\/a><\/li>\n\n\n\n<li>Juge de l\u2019asile r\u00e9cus\u00e9\u00a0: \u00ab\u00a0Il transpirait le racisme et la condescendance\u00a0\u00bb <a href=\"https:\/\/lesjours.fr\/obsessions\/immigration-mineurs\/ep13-juge-argoud-recuse\/\">https:\/\/lesjours.fr\/obsessions\/immigration-mineurs\/ep13-juge-argoud-recuse\/<\/a><\/li>\n\n\n\n<li>Ils font m\u00eame plus semblant #DirectAN <\/li>\n<\/ul>\n\n\n\n<figure class=\"wp-block-embed is-type-rich is-provider-twitter wp-block-embed-twitter\"><div class=\"wp-block-embed__wrapper\">\n<blockquote class=\"twitter-tweet\" data-width=\"500\" data-dnt=\"true\"><p lang=\"fr\" dir=\"ltr\">Ils font m\u00eame plus semblant <a href=\"https:\/\/twitter.com\/hashtag\/DirectAN?src=hash&amp;ref_src=twsrc%5Etfw\">#DirectAN<\/a> <a href=\"https:\/\/t.co\/mJrRRsfzca\">pic.twitter.com\/mJrRRsfzca<\/a><\/p>&mdash; Out Of Context Assembl\u00e9e Nationale (@OutOfContext_AN) <a href=\"https:\/\/twitter.com\/OutOfContext_AN\/status\/1720394268932522342?ref_src=twsrc%5Etfw\">November 3, 2023<\/a><\/blockquote><script async src=\"https:\/\/platform.twitter.com\/widgets.js\" charset=\"utf-8\"><\/script>\n<\/div><\/figure>\n\n\n\n<ul class=\"wp-block-list\">\n<li>Les scutig\u00e8res v\u00e9loces sont nos amies <a href=\"https:\/\/www.instagram.com\/reel\/CyGa3mGNF7y\/\">https:\/\/www.instagram.com\/reel\/CyGa3mGNF7y\/<\/a><\/li>\n\n\n\n<li>Des chats p\u00eacheurs <a href=\"https:\/\/www.instagram.com\/reel\/CzFL5FIsCh6\/\">https:\/\/www.instagram.com\/reel\/CzFL5FIsCh6\/<\/a><\/li>\n\n\n\n<li>Et&#8230; <a href=\"https:\/\/www.instagram.com\/reel\/CygDxxSq07o\/\">https:\/\/www.instagram.com\/reel\/CygDxxSq07o\/<\/a><\/li>\n<\/ul>\n","protected":false},"excerpt":{"rendered":"<p>Les liens de la matinale :<\/p>\n","protected":false},"author":1,"featured_media":131,"comment_status":"open","ping_status":"open","sticky":false,"template":"","format":"video","meta":{"footnotes":""},"categories":[7],"tags":[],"class_list":["post-537","post","type-post","status-publish","format-video","has-post-thumbnail","hentry","category-matinale-du-matin-tot-le-matin","post_format-post-format-video"],"_links":{"self":[{"href":"https:\/\/floriemarie.fr\/index.php\/wp-json\/wp\/v2\/posts\/537","targetHints":{"allow":["GET"]}}],"collection":[{"href":"https:\/\/floriemarie.fr\/index.php\/wp-json\/wp\/v2\/posts"}],"about":[{"href":"https:\/\/floriemarie.fr\/index.php\/wp-json\/wp\/v2\/types\/post"}],"author":[{"embeddable":true,"href":"https:\/\/floriemarie.fr\/index.php\/wp-json\/wp\/v2\/users\/1"}],"replies":[{"embeddable":true,"href":"https:\/\/floriemarie.fr\/index.php\/wp-json\/wp\/v2\/comments?post=537"}],"version-history":[{"count":2,"href":"https:\/\/floriemarie.fr\/index.php\/wp-json\/wp\/v2\/posts\/537\/revisions"}],"predecessor-version":[{"id":539,"href":"https:\/\/floriemarie.fr\/index.php\/wp-json\/wp\/v2\/posts\/537\/revisions\/539"}],"wp:featuredmedia":[{"embeddable":true,"href":"https:\/\/floriemarie.fr\/index.php\/wp-json\/wp\/v2\/media\/131"}],"wp:attachment":[{"href":"https:\/\/floriemarie.fr\/index.php\/wp-json\/wp\/v2\/media?parent=537"}],"wp:term":[{"taxonomy":"category","embeddable":true,"href":"https:\/\/floriemarie.fr\/index.php\/wp-json\/wp\/v2\/categories?post=537"},{"taxonomy":"post_tag","embeddable":true,"href":"https:\/\/floriemarie.fr\/index.php\/wp-json\/wp\/v2\/tags?post=537"}],"curies":[{"name":"wp","href":"https:\/\/api.w.org\/{rel}","templated":true}]}}