{"id":523,"date":"2023-04-20T14:18:00","date_gmt":"2023-04-20T12:18:00","guid":{"rendered":"https:\/\/floriemarie.fr\/?p=523"},"modified":"2025-05-15T09:41:31","modified_gmt":"2025-05-15T07:41:31","slug":"wepp-2023-vous-avez-dit-democratie-delegative","status":"publish","type":"post","link":"https:\/\/floriemarie.fr\/index.php\/2023\/04\/20\/wepp-2023-vous-avez-dit-democratie-delegative\/","title":{"rendered":"WEPP 2023 &#8211; Vous avez dit d\u00e9mocratie d\u00e9l\u00e9gative ?"},"content":{"rendered":"\n<figure class=\"wp-block-embed is-type-video is-provider-youtube wp-block-embed-youtube wp-embed-aspect-16-9 wp-has-aspect-ratio\"><div class=\"wp-block-embed__wrapper\">\n<iframe loading=\"lazy\" title=\"WEPP 2023 - Vous avez dit d\u00e9mocratie d\u00e9l\u00e9gative ?\" width=\"500\" height=\"281\" src=\"https:\/\/www.youtube.com\/embed\/eNgkCuVvum4?feature=oembed\" frameborder=\"0\" allow=\"accelerometer; autoplay; clipboard-write; encrypted-media; gyroscope; picture-in-picture; web-share\" referrerpolicy=\"strict-origin-when-cross-origin\" allowfullscreen><\/iframe>\n<\/div><\/figure>\n\n\n\n<p>Vous connaissez la d\u00e9mocratie repr\u00e9sentative et la d\u00e9mocratie directe ? Et si finalement la d\u00e9mocratie pouvait \u00eatre aussi d\u00e9l\u00e9gative ou liquide ? Le Parti Pirate vous propose une pr\u00e9sentation de cette troisi\u00e8me sorte de d\u00e9mocratie, un bilan de son utilisation au sein du parti et comment son usage est facilit\u00e9 par les outils num\u00e9riques. Conf\u00e9rence enregistr\u00e9e le 15 Avril 2023 au WEPP, au Shadok \u00e0 Strasbourg.<\/p>\n","protected":false},"excerpt":{"rendered":"<p>Vous connaissez la d\u00e9mocratie repr\u00e9sentative et la d\u00e9mocratie directe ? Et si finalement la d\u00e9mocratie pouvait \u00eatre aussi d\u00e9l\u00e9gative ou liquide ? Le Parti Pirate vous propose une pr\u00e9sentation de cette troisi\u00e8me sorte de d\u00e9mocratie, un bilan de son utilisation au sein du parti et comment son usage est facilit\u00e9 par les outils num\u00e9riques. Conf\u00e9rence [&hellip;]<\/p>\n","protected":false},"author":1,"featured_media":524,"comment_status":"open","ping_status":"open","sticky":false,"template":"","format":"video","meta":{"footnotes":""},"categories":[8],"tags":[],"class_list":["post-523","post","type-post","status-publish","format-video","has-post-thumbnail","hentry","category-mes-interventions","post_format-post-format-video"],"_links":{"self":[{"href":"https:\/\/floriemarie.fr\/index.php\/wp-json\/wp\/v2\/posts\/523","targetHints":{"allow":["GET"]}}],"collection":[{"href":"https:\/\/floriemarie.fr\/index.php\/wp-json\/wp\/v2\/posts"}],"about":[{"href":"https:\/\/floriemarie.fr\/index.php\/wp-json\/wp\/v2\/types\/post"}],"author":[{"embeddable":true,"href":"https:\/\/floriemarie.fr\/index.php\/wp-json\/wp\/v2\/users\/1"}],"replies":[{"embeddable":true,"href":"https:\/\/floriemarie.fr\/index.php\/wp-json\/wp\/v2\/comments?post=523"}],"version-history":[{"count":2,"href":"https:\/\/floriemarie.fr\/index.php\/wp-json\/wp\/v2\/posts\/523\/revisions"}],"predecessor-version":[{"id":1391,"href":"https:\/\/floriemarie.fr\/index.php\/wp-json\/wp\/v2\/posts\/523\/revisions\/1391"}],"wp:featuredmedia":[{"embeddable":true,"href":"https:\/\/floriemarie.fr\/index.php\/wp-json\/wp\/v2\/media\/524"}],"wp:attachment":[{"href":"https:\/\/floriemarie.fr\/index.php\/wp-json\/wp\/v2\/media?parent=523"}],"wp:term":[{"taxonomy":"category","embeddable":true,"href":"https:\/\/floriemarie.fr\/index.php\/wp-json\/wp\/v2\/categories?post=523"},{"taxonomy":"post_tag","embeddable":true,"href":"https:\/\/floriemarie.fr\/index.php\/wp-json\/wp\/v2\/tags?post=523"}],"curies":[{"name":"wp","href":"https:\/\/api.w.org\/{rel}","templated":true}]}}