{"id":1506,"date":"2025-12-10T09:14:08","date_gmt":"2025-12-10T08:14:08","guid":{"rendered":"https:\/\/floriemarie.fr\/?p=1506"},"modified":"2025-12-10T09:14:09","modified_gmt":"2025-12-10T08:14:09","slug":"elle-sengage-encore","status":"publish","type":"post","link":"https:\/\/floriemarie.fr\/index.php\/2025\/12\/10\/elle-sengage-encore\/","title":{"rendered":"Elle s&rsquo;engage encore&#8230;"},"content":{"rendered":"\n<p>Quand j\u2019ai mis fin \u00e0 mon engagement partisan il y a deux ans, je m&rsquo;\u00e9tais dit que j&rsquo;allais prendre le temps de r\u00e9fl\u00e9chir \u00e0 ce que j&rsquo;avais travers\u00e9, \u00e0 ce que j\u2019avais r\u00e9alis\u00e9, aux projets men\u00e9s durant ces 15 ann\u00e9es d&rsquo;engagements et aux missions professionnelles plus ou moins longues que l&rsquo;on m&rsquo;avait confi\u00e9es, avant de retourner sur le terrain.<\/p>\n\n\n\n<p>Ce qui m\u2019a le plus marqu\u00e9 dans mon engagement, c&rsquo;\u00e9tait les difficult\u00e9s rencontr\u00e9es en tant que femme, jeune, engag\u00e9e, dans un monde con\u00e7u et g\u00e9r\u00e9 par des hommes. En d\u2019autres termes, et je ne vous apprends rien, le sexisme omnipr\u00e9sent en politique, comme dans tous les milieux, m\u2019a fait beaucoup souffrir. Trop. Mais pas seulement le sexisme. J\u2019ai aussi beaucoup souffert du fonctionnement des appareils partisans.<\/p>\n\n\n\n<p>Pour la plupart des gens, faire de la politique c\u2019est s&rsquo;engager dans un parti politique. Mais apr\u00e8s 15 ann\u00e9es d&rsquo;engagements politiques professionnels et b\u00e9n\u00e9voles, \u00e9voluant dans deux partis politiques diff\u00e9rents, je peux dire aujourd&rsquo;hui que l&rsquo;engagement politique va bien au-del\u00e0 des partis.<\/p>\n\n\n\n<p>L&rsquo;engagement politique prend de nombreuses formes au quotidien. Choisir une carri\u00e8re professionnelle, choisir de mettre son temps \u00e0 disposition des gens, choisir de gagner beaucoup d\u2019argent en \u00e9crasant les autres, choisir la loyaut\u00e9 ou trahir ses principes, choisir l&rsquo;engagement associatif, pratiquer un sport ou une activit\u00e9 non lucrative, choisir de payer ses imp\u00f4ts ou d\u2019ouvrir un compte dans un paradis fiscal, choisir de se lever t\u00f4t le matin pour aller faire un tour au march\u00e9 ou de se coucher tard le soir apr\u00e8s avoir pass\u00e9 la soir\u00e9e dans un bar, choisir de vivre en soci\u00e9t\u00e9 et de participer \u00e0 la vie locale et m\u00eame choisir de vivre isol\u00e9 du monde, tous les choix de vie que nous faisons sont politiques, ils nous impliquent dans le monde qui nous entoure et nous engagent vers un avenir de plus en plus incertain.<\/p>\n\n\n\n<p>Les partis politiques ne sont qu\u2019un moyen d&rsquo;enfermer violemment les gens dans des bulles id\u00e9ologiques qui ne sauraient \u00eatre le reflet parfait de leurs id\u00e9es. Personne ne peut \u00eatre compl\u00e8tement d&rsquo;accord avec toutes les d\u00e9cisions, toutes les orientations d\u2019un seul parti politique, sauf \u00e9ventuellement son cr\u00e9ateur lorsqu&rsquo;il est une seule et unique personne. En effet, nous avons chacun des int\u00e9r\u00eats personnels qui ne sauraient \u00eatre absolument tous d\u00e9fendus par un m\u00eame parti politique, il y aura forc\u00e9ment des points de d\u00e9saccord, des zones d&rsquo;ombre, et c\u2019est tout \u00e0 fait normal. Les partis politiques n&rsquo;ont pas des avis sur tout, et nous non plus.<\/p>\n\n\n\n<p>\u00c9videmment, on peut avoir des proximit\u00e9s id\u00e9ologiques avec certains partis plus que d\u2019autres, on peut se positionner sur une cible qui ressemblerait tous les partis, mais vu la pauvret\u00e9 de l\u2019offre politique dans notre pays, beaucoup d&rsquo;entre nous ne se sentent pas du tout repr\u00e9sent\u00e9s. Et m\u00eame parmi les adh\u00e9rents des partis, je peux vous affirmer que beaucoup sont souvent d\u00e9\u00e7us. Enfin, ne venez pas me dire que vous \u00eates d&rsquo;accord avec 100% du programme port\u00e9 par votre parti, si vous le faites j\u2019aime autant vous pr\u00e9venir : soit vous mentez consciemment, soit vous vous mentez \u00e0 vous m\u00eame. Et apr\u00e8s toutes ces ann\u00e9es pass\u00e9es \u00e0 c\u00f4toyer des menteurs et des na\u00effs, je ne saurais dire ce qui est le pire.<\/p>\n\n\n\n<p>C\u2019est cet amer constat qui m\u2019a fait mettre fin \u00e0 mon engagement partisan. Je ne suis pas dans un rejet total des partisans, j&rsquo;estime que ces gens sont libres de faire des choix, l&rsquo;engagement partisan reste un engagement politique, un engagement pauvre et vide de sens \u00e0 mon avis, mais cela reste un engagement et tout engagement est respectable. Je suis en revanche dans un rejet total et revendiqu\u00e9 des appareils partisans.<\/p>\n\n\n\n<p>Aujourd&rsquo;hui, je refuse d\u2019\u00eatre associ\u00e9e ou enferm\u00e9e dans une organisation, dans une id\u00e9ologie. Je d\u00e9cide de mes choix, de mes actes, j&rsquo;accepte qu\u2019on me conseille et qu\u2019on m&rsquo;accompagne dans mon cheminement politique, dans mes engagements quotidiens, mais je tiens \u00e0 conserver ma libert\u00e9 individuelle, celle qui me permet de r\u00e9fl\u00e9chir par moi-m\u00eame aux d\u00e9cisions que je prends pour moi, pour ma famille et pour celles et ceux qui me font confiance. C\u2019est comme cela que j&rsquo;envisage aujourd&rsquo;hui mon engagement politique, et c\u2019est dans cet esprit que j\u2019ai d\u00e9cid\u00e9 de retourner sur le terrain.<\/p>\n\n\n\n<p>Aujourd&rsquo;hui, et depuis quelques mois, je vis dans une ville situ\u00e9e au c\u0153ur de la Seine-Saint-Denis. Avec mon conjoint nous avons achet\u00e9 une maison. Nous cherchions \u00e0 nous rapprocher de son lieu de travail, notre recherche allait d\u2019Argenteuil \u00e0 Sevran. Apr\u00e8s avoir trouv\u00e9 la maison de nos r\u00eaves, nous avons choisi de d\u00e9m\u00e9nag\u00e9 de Juvisy-sur-Orge pour nous installer aux Pavillons-sous-Bois.<\/p>\n\n\n\n<p>Lui et moi, surtout moi, vous me connaissez, avions depuis longtemps la volont\u00e9 de nous engager sur le terrain, de participer \u00e0 la vie locale. Sachant que nous allions partir de Juvisy, nous avons religieusement attendu de conna\u00eetre notre point de chute avant de nous engager. Alors, quand nous sommes arriv\u00e9s aux Pavillons-sous-Bois, j\u2019ai tr\u00e8s vite chercher \u00e0 rencontrer les gens qui sont d\u00e9j\u00e0 engag\u00e9s sur place.<\/p>\n\n\n\n<p>J\u2019ai assist\u00e9 \u00e0 des r\u00e9unions, \u00e9cout\u00e9 les \u00e9lus de tous les bords politiques, je suis all\u00e9e r\u00e9guli\u00e8rement sur le march\u00e9 tendre l\u2019oreille et, malgr\u00e9 mon rejet affirm\u00e9 des appareils partisans, j\u2019ai m\u00eame tent\u00e9 de contacter ceux dont je me sens le plus proche pour en conna\u00eetre les membres adh\u00e9rents et actifs dans ma nouvelle ville d&rsquo;adoption afin de les rencontrer pour discuter de l\u2019\u00e9tat de la ville et de leurs projets pour le futur.<\/p>\n\n\n\n<p>Il faut savoir que la ville est plut\u00f4t agr\u00e9able au premier abord mais, quand on y vit au quotidien, on ne peut que constater qu\u2019elle s\u2019est referm\u00e9e sur elle-m\u00eame sous l&rsquo;impulsion d&rsquo;une municipalit\u00e9 qui semble d\u00e9connect\u00e9e des besoins de ses concitoyens. Mais j\u2019en reparlerai une autre fois.<\/p>\n\n\n\n<p>La plupart des partis politiques que j\u2019ai contact\u00e9s ne m&rsquo;ont jamais r\u00e9pondu. Alors j\u2019ai commenc\u00e9 \u00e0 travailler avec les gens qui sont d\u00e9j\u00e0 engag\u00e9s sur le terrain et, de fil en aiguille, je me suis engag\u00e9e chaque jour un peu plus sur un nouveau chemin inattendu. Il se trouve qu&rsquo;ici, comme dans beaucoup d\u2019autres villes fran\u00e7aises, de moins en moins de gens, de moins en moins de jeunes, ont envie de s&rsquo;engager. L&rsquo;engagement politique est difficile, il est sem\u00e9 d&#8217;emb\u00fbches, surtout quand on est une femme avec des id\u00e9es, des convictions et des principes. Mais je suis une personne pers\u00e9v\u00e9rante et mue par une force int\u00e9rieure qui, parfois, me d\u00e9passe moi-m\u00eame.<\/p>\n\n\n\n<p>Au d\u00e9part, je voulais simplement proposer mon aide pour organiser une campagne \u00e9lectorale pour r\u00e9unir la gauche en vue des \u00e9lections municipales qui arrivent en mars prochain. Je suis en train de monter mon activit\u00e9 individuelle, de m&rsquo;installer dans ma nouvelle maison et donc de g\u00e9rer des travaux et, par ailleurs, de passer un Master de science politique en VAE. Autant vous dire que j\u2019ai d\u00e9j\u00e0 des journ\u00e9es plut\u00f4t bien remplies&#8230; mais apr\u00e8s avoir particip\u00e9 \u00e0 plusieurs campagnes \u00e9lectorales, dont deux \u00e9lections municipales (2014 &#8211; candidate sur une liste \u00e9cologiste \u00e0 Pantin \/ 2020 &#8211; directrice de campagne \u00e0 Caen) et apr\u00e8s avoir \u00e9t\u00e9 cheffe de cabinet d\u2019une maire d\u2019une ville de 30 000 habitants, je sais que mes comp\u00e9tences et mon exp\u00e9rience en la mati\u00e8re sont toujours utiles et, comme vous l&rsquo;avez compris, l&rsquo;engagement de terrain me manquait.<\/p>\n\n\n\n<p>Mais de fil en aiguille, ma volont\u00e9 de participer s&rsquo;est transform\u00e9e en moteur, et apr\u00e8s plusieurs \u00e9changes avec les \u00e9lus de l\u2019opposition locale, en l&rsquo;absence de volontaire pour mener la campagne malgr\u00e9 toutes mes d\u00e9marches aupr\u00e8s des organisations politiques locales, j\u2019ai fini par naturellement prendre la t\u00eate des op\u00e9rations.<\/p>\n\n\n\n<p>Alors oui, apr\u00e8s y avoir s\u00e9rieusement r\u00e9fl\u00e9chi, apr\u00e8s avoir pes\u00e9 le pour et surtout le contre, apr\u00e8s en avoir discut\u00e9 avec mon conjoint qui m\u2019a aussit\u00f4t encourag\u00e9e \u00e0 y aller, j\u2019ai d\u00e9cid\u00e9 de me presenter aux \u00e9lections municipales dans la ville des Pavillons-sous-Bois en prenant la t\u00eate d\u2019une liste citoyenne que nous avons tout simplement appel\u00e9e Pavillons Citoyens.<\/p>\n\n\n\n<p>Je souhaite mener une campagne de rassemblement autour d\u2019un projet collectivement d\u00e9cid\u00e9, ouvert et citoyen, qui ressemble aux gens et qui rassemble les gens. Et si vous me connaissez alors vous savez que, dans tous mes engagements, j\u2019ai toujours mis un point d&rsquo;honneur \u00e0 remettre de la d\u00e9mocratie l\u00e0 o\u00f9 il n&rsquo;y en avait plus. Et dans cette ville dans laquelle je compte vivre de belles ann\u00e9es, j\u2019ai vite compris qu\u2019on en manquait s\u00e9rieusement. Il est inconcevable que je vive dans une ville qui n&rsquo;\u00e9coute pas les gens qui la vivent au quotidien, je me refuse \u00e0 laisser le pouvoir entre les mains de cette vieille garde politique qui maltraite ses opposants, qui d\u00e9laisse ses concitoyens et qui ressasse des arguments vieux de 10, 20, 30 ans sans jamais se remettre en question, quelle qu\u2019en soit la couleur partisane revendiqu\u00e9e ou non lorsqu&rsquo;elle se pr\u00e9sentera au scrutin en mars prochain.<\/p>\n\n\n\n<p>Plus que jamais aujourd&rsquo;hui, je suis convaincue que nous devons tout faire pour mieux vivre ensemble, loin des clivages partisans qui nous \u00e9loignent les uns des autres, loin des accords d&rsquo;appareils qui ne repr\u00e9sentent que leurs propres int\u00e9r\u00eats sans jamais se pr\u00e9occuper des probl\u00e9matiques locales, qui ne viennent sur le terrain que pour qu\u00e9mander nos voix et qui repartiront aussit\u00f4t apr\u00e8s sans jamais s&rsquo;investir pour notre bien commun.<\/p>\n\n\n\n<p>Je me pr\u00e9sente aux \u00e9lections municipales parce que, malgr\u00e9 toutes mes d\u00e9ceptions politiques, je crois encore que le niveau municipal est celui sur lequel nous avons le plus d&rsquo;impact concret et je crois surtout en notre capacit\u00e9 \u00e0 nous unir pour notre bien commun, pour que notre avenir soit un peu moins incertain.<\/p>\n\n\n\n<p>Alors si vous vivez aux Pavillons-sous-Bois ou si vous y connaissez des gens que tout cela int\u00e9resse, cette publication se veut comme un appel \u00e0 leur attention.<br>Discutons !<\/p>\n\n\n\n<p>Contact@pavillonscitoyens.fr<\/p>\n\n\n\n<p><\/p>\n","protected":false},"excerpt":{"rendered":"<p>Quand j\u2019ai mis fin \u00e0 mon engagement partisan il y a deux ans, je m&rsquo;\u00e9tais dit que j&rsquo;allais prendre le temps de r\u00e9fl\u00e9chir \u00e0 ce que j&rsquo;avais travers\u00e9, \u00e0 ce que j\u2019avais r\u00e9alis\u00e9, aux projets men\u00e9s durant ces 15 ann\u00e9es d&rsquo;engagements et aux missions professionnelles plus ou moins longues que l&rsquo;on m&rsquo;avait confi\u00e9es, avant de [&hellip;]<\/p>\n","protected":false},"author":1,"featured_media":0,"comment_status":"open","ping_status":"open","sticky":false,"template":"","format":"standard","meta":{"footnotes":""},"categories":[6,128],"tags":[37,20,471,126],"class_list":["post-1506","post","type-post","status-publish","format-standard","hentry","category-journal-de-bord","category-lenfer-militant","tag-elections","tag-france","tag-municipales","tag-politique"],"_links":{"self":[{"href":"https:\/\/floriemarie.fr\/index.php\/wp-json\/wp\/v2\/posts\/1506","targetHints":{"allow":["GET"]}}],"collection":[{"href":"https:\/\/floriemarie.fr\/index.php\/wp-json\/wp\/v2\/posts"}],"about":[{"href":"https:\/\/floriemarie.fr\/index.php\/wp-json\/wp\/v2\/types\/post"}],"author":[{"embeddable":true,"href":"https:\/\/floriemarie.fr\/index.php\/wp-json\/wp\/v2\/users\/1"}],"replies":[{"embeddable":true,"href":"https:\/\/floriemarie.fr\/index.php\/wp-json\/wp\/v2\/comments?post=1506"}],"version-history":[{"count":1,"href":"https:\/\/floriemarie.fr\/index.php\/wp-json\/wp\/v2\/posts\/1506\/revisions"}],"predecessor-version":[{"id":1507,"href":"https:\/\/floriemarie.fr\/index.php\/wp-json\/wp\/v2\/posts\/1506\/revisions\/1507"}],"wp:attachment":[{"href":"https:\/\/floriemarie.fr\/index.php\/wp-json\/wp\/v2\/media?parent=1506"}],"wp:term":[{"taxonomy":"category","embeddable":true,"href":"https:\/\/floriemarie.fr\/index.php\/wp-json\/wp\/v2\/categories?post=1506"},{"taxonomy":"post_tag","embeddable":true,"href":"https:\/\/floriemarie.fr\/index.php\/wp-json\/wp\/v2\/tags?post=1506"}],"curies":[{"name":"wp","href":"https:\/\/api.w.org\/{rel}","templated":true}]}}