{"id":1494,"date":"2025-09-15T18:35:55","date_gmt":"2025-09-15T16:35:55","guid":{"rendered":"https:\/\/floriemarie.fr\/?p=1494"},"modified":"2026-02-03T22:25:23","modified_gmt":"2026-02-03T21:25:23","slug":"ma-vae-episode-0-qui-suis-je-ou-vais-je-pourquoi-minfliger-cette-epreuve-la","status":"publish","type":"post","link":"https:\/\/floriemarie.fr\/index.php\/2025\/09\/15\/ma-vae-episode-0-qui-suis-je-ou-vais-je-pourquoi-minfliger-cette-epreuve-la\/","title":{"rendered":"Ma VAE &#8211; Episode 0 : Qui suis-je ? O\u00f9 vais-je ? Pourquoi m&rsquo;infliger cette \u00e9preuve l\u00e0 ?"},"content":{"rendered":"\n<p><em>Avant de commencer mon dernier contrat de travail salari\u00e9, j&rsquo;avais le projet de reprendre mes \u00e9tudes pour pousser jusqu&rsquo;au doctorat. J&rsquo;envisageais s\u00e9rieusement de m&rsquo;inscrire \u00e0 la fac pour aller au bout de ce projet mais, avec la pand\u00e9mie, tous mes projets de reprises d&rsquo;\u00e9tudes avaient \u00e9t\u00e9 mis \u00e0 l&rsquo;arr\u00eat. Quand j&rsquo;ai quitt\u00e9 mon emploi en d\u00e9cembre dernier, j&rsquo;ai recommenc\u00e9 \u00e0 envisager ce projet de doctorat.<\/em><\/p>\n\n\n\n<p><em>J&rsquo;ai 37 ans \u00e0 l&rsquo;instant o\u00f9 j&rsquo;\u00e9cris ces lignes. J&rsquo;ai un parcours scolaire un peu chaotique. Pour faire simple, j&rsquo;avais envie de tout faire donc je suis partie dans tous les sens. J&rsquo;ai une carri\u00e8re professionnelle plut\u00f4t \u00e9trange avec un gros passage dans la politique difficilement compr\u00e9hensible pour les gens qui ne connaissent pas le milieu. Et j&rsquo;ai d\u00e9velopp\u00e9 au fil des ann\u00e9es des tas de passions qui pourraient \u00e0 elles seules remplir une page enti\u00e8re de mon CV.<\/em><\/p>\n\n\n\n<p><em>Mais aujourd&rsquo;hui, alors que je viens de me lancer dans une carri\u00e8re en ind\u00e9pendante, je sens bien qu&rsquo;il faut que j&rsquo;arrive \u00e0 structurer mon parcours, ou \u00e0 le valoriser d&rsquo;une mani\u00e8re ou d&rsquo;une autre, pour l\u00e9gitimer mes acquis professionnels aux yeux de mes futurs clients ou de mes potentiels employeurs<\/em>.<\/p>\n\n\n\n<p><em>Alors, d\u00e9but 2025, j&rsquo;ai entam\u00e9 un processus de Validation des Acquis de l&rsquo;Exp\u00e9rience (VAE) et, vu le manque d&rsquo;informations disponibles sur ce sujet, je vous propose de vous raconter mon exp\u00e9rience, pas \u00e0 pas, en commen\u00e7ant par vous expliquer d&rsquo;o\u00f9 je pars&#8230;<\/em><\/p>\n\n\n\n<h2 class=\"wp-block-heading\">J&rsquo;ai fait des \u00e9tudes&#8230;<\/h2>\n\n\n\n<p>J&rsquo;ai obtenu un bac litt\u00e9raire avec une mention Assez Bien dans le petit lyc\u00e9e de La Souterraine en Creuse. Je l&rsquo;ai obtenu sans trop forcer. \u00c0 cette \u00e9poque j&rsquo;avais surtout envie d&rsquo;en finir avec le lyc\u00e9e, surtout que ce lyc\u00e9e l\u00e0 \u00e9tait rempli de personnes m\u00e9prisantes, notamment un enseignant qui m&rsquo;a pourri la vie, harcel\u00e9e moralement et d\u00e9molie aupr\u00e8s de mes camarades. Originaire de Normandie, je ne me suis jamais vraiment sentie int\u00e9gr\u00e9e dans cette petite ville du Limousin dans laquelle tout le monde \u00e9tait plus ou moins cousin. Les seules personnes avec lesquelles je m&rsquo;entendais bien \u00e9taient soit elles aussi originaires d&rsquo;ailleurs, soit elles aussi marginalis\u00e9es. Dans notre isolement nous avions trouv\u00e9 et entretenu une forme d&rsquo;amiti\u00e9 le temps qu&rsquo;aura dur\u00e9 notre passage dans cet enfer.<\/p>\n\n\n\n<p>Le bac en poche j&rsquo;ai fui la r\u00e9gion pour entrer \u00e0 l&rsquo;universit\u00e9 Paul Val\u00e9ry de Montpellier dans la fili\u00e8re Arts du Spectacle Th\u00e9\u00e2tre Cin\u00e9ma Audiovisuel. J&rsquo;y ai notamment appris le montage vid\u00e9o et l&rsquo;analyse des discours politiques et j&rsquo;ai aussi eu la chance de jouer dans une pi\u00e8ce de th\u00e9\u00e2tre. C&rsquo;\u00e9tait sympa, j&rsquo;y ai v\u00e9cu deux ann\u00e9es g\u00e9niales avec des gens que j&rsquo;aimais beaucoup, mais j&rsquo;ai vite senti que ces ann\u00e9es d&rsquo;\u00e9tudes de cin\u00e9ma ne me serviraient pas \u00e0 grand chose de concret dans la vie.<\/p>\n\n\n\n<p>J&rsquo;avais envie de monter une petite radio associative en projet annexe \u00e0 mes \u00e9tudies mais j&rsquo;ai vite \u00e9t\u00e9 stopp\u00e9e dans mon \u00e9lan quand j&rsquo;ai d\u00fb faire face \u00e0 mon absence totale de connaissances du droit et de la comptabilit\u00e9, deux comp\u00e9tences indispensables lorsque l&rsquo;on souhaite cr\u00e9er une association, obtenir des financements, r\u00e9aliser un budget pr\u00e9visionnel, etc. et qui ne sont pas du tout enseign\u00e9es dans cette fili\u00e8re tr\u00e8s th\u00e9orique.<\/p>\n\n\n\n<p>J&rsquo;ai finalement d\u00e9cid\u00e9 de me r\u00e9orienter vers une fili\u00e8re plus utile. J&rsquo;ai choisi d&rsquo;aller vers un Dipl\u00f4me Universitaire de Technologie en Gestion des Entreprises et des Administrations en me disant que quelle que serait mon choix de carri\u00e8re j&rsquo;aurais au moins une base de connaissances fiable. Contre toute attente, mon dossier d\u00e9j\u00e0 assez chaotique a \u00e9t\u00e9 accept\u00e9 dans pas moins de trois IUT des 6 auxquels j&rsquo;avais candidat\u00e9, dont celui de Limoges, ville dans laquelle mes parents avaient entre temps d\u00e9m\u00e9nag\u00e9.<\/p>\n\n\n\n<p>En 2010, apr\u00e8s 5 ann\u00e9es d&rsquo;\u00e9tudes dont trois parfaitement inutiles, j&rsquo;ai finalement valid\u00e9 un niveau Bac+2. Je ne regrette absolument pas mon passage \u00e0 l&rsquo;IUT, et si c&rsquo;\u00e9tait \u00e0 refaire je recommencerais. C&rsquo;\u00e9tait long, je ne m&rsquo;y suis pas fait beaucoup d&rsquo;amis. Les autres \u00e9tudiants \u00e9taient majoritairement politiquement plut\u00f4t tr\u00e8s \u00e0 droite, descendants de chefs d&rsquo;entreprises eux-m\u00eames destin\u00e9s \u00e0 remplacer leurs parents. Mais ce que j&rsquo;y ai appris (le management, la gestion des ressources humaines, la comptabilit\u00e9, l&rsquo;\u00e9conomie, le droit, l&rsquo;informatique appliqu\u00e9 \u00e0 la gestion, le fonctionnement des entreprises, la sociologie des groupes d&rsquo;int\u00e9r\u00eat, la communication&#8230;) m&rsquo;a servi toute ma vie et me sert encore beaucoup aujourd&rsquo;hui.<\/p>\n\n\n\n<p>Mon DUT obtenu, fatigu\u00e9e par le syst\u00e8me universitaire, press\u00e9e de go\u00fbter \u00e0 la vie active et de toucher mon premier vrai salaire, je me suis lanc\u00e9e activement dans la recherche d&rsquo;un emploi. <\/p>\n\n\n\n<p>Quelques ann\u00e9es plus tard, alors salari\u00e9e en poste depuis un peu plus de 3 ans, j&rsquo;ai repris mes \u00e9tudes en formation professionnelle (en alternance) pour obtenir une licence professionnelle de Management des Organisations M\u00e9tier de la Gestion des Associations avec une mention Bien en 2015.<\/p>\n\n\n\n<p>Je suis donc aujourd&rsquo;hui dipl\u00f4m\u00e9e d&rsquo;un Bac+3 en management m\u00eame si, professionnellement, je n&rsquo;ai pas souvent eu l&rsquo;occasion de travailler pr\u00e9cis\u00e9ment dans mon domaine d&rsquo;\u00e9tude. <\/p>\n\n\n\n<h2 class=\"wp-block-heading\">Ma carri\u00e8re professionnelle<\/h2>\n\n\n\n<p>En 2010, juste apr\u00e8s mon DUT, je me suis lanc\u00e9e dans une carri\u00e8re politique compl\u00e8tement par hasard. Alors que je cherchais sans grand succ\u00e8s un travail dans le Limousin, une r\u00e9gion qui embauche peu et qui ne laisse pas beaucoup de chance aux d\u00e9butants sans aucun lien de parent\u00e9 avec les autres salari\u00e9s, j&rsquo;ai \u00e9t\u00e9 recrut\u00e9e en CUI-CAE puis en CDI au si\u00e8ge national des Verts, \u00e0 Paris, en tant que permanente politique. <\/p>\n\n\n\n<p>Pendant presque 7 ans, j&rsquo;ai anim\u00e9 le r\u00e9seau national du parti pendant les \u00e9lections, j&rsquo;ai coordonn\u00e9 quasiment toutes les campagnes \u00e9lectorales et j&rsquo;ai particip\u00e9 \u00e0 l&rsquo;organisation de dizaines de rencontres, congr\u00e8s, conseils f\u00e9d\u00e9raux, journ\u00e9es d&rsquo;\u00e9t\u00e9, votes internes, assurant notamment la coordination des b\u00e9n\u00e9voles, la gestion des crises et la r\u00e9solution de tous les probl\u00e8mes rencontr\u00e9s par les membres du bureau ex\u00e9cutif ou des autres instances du parti.<\/p>\n\n\n\n<p>Apr\u00e8s ma reprise d&rsquo;\u00e9tudes et mon dipl\u00f4me obtenu en 2015, quand je suis revenue travailler \u00e0 temps plein, j&rsquo;ai \u00e9norm\u00e9ment souffert. J&rsquo;avais ouvert les yeux sur tous les dysfonctionnements et les m\u00e9thodes d\u00e9plorables de travail de certains de mes coll\u00e8gues. J&rsquo;ai vu la souffrance, j&rsquo;ai subi la souffrance. Alors que le parti traversait une grosse crise politique en amont de la pr\u00e9sidentielle de 2017, alors que la plupart des cadres politiques \u00e9taient en train de partir dans le sillage d&rsquo;un certain Emmanuel Macron, alors que la plupart de mes coll\u00e8gues salari\u00e9s enchainaient les arr\u00eats maladie, alors que certains avaient m\u00eame quitt\u00e9 le navire, alors que j&rsquo;\u00e9tais pourtant rest\u00e9e loyale et que je ne crachais pas sur le travail de plus en plus cons\u00e9quent \u00e0 abattre pour palier la fuite de main d&rsquo;oeuvre, j&rsquo;ai \u00e9t\u00e9 progressivement mise au placard, harcel\u00e9e moralement par mes coll\u00e8gues, par des membres du parti et finalement par la direction elle-m\u00eame.<\/p>\n\n\n\n<p>J&rsquo;ai quitt\u00e9 mon poste en 2017 par le biais d&rsquo;une rupture conventionnelle de mon CDI apr\u00e8s un gros burn-out qui n&rsquo;a jamais \u00e9t\u00e9 vraiment ni trait\u00e9 ni soign\u00e9. J&rsquo;ai perdu au passage toute confiance en mes employeurs et en moi-m\u00eame, imaginant toujours le pire, je me suis enferm\u00e9e dans une forme de parano\u00efa aliment\u00e9e notammment par l&rsquo;homme qui partageait ma vie. J&rsquo;ai morfl\u00e9. S\u00e9v\u00e8re.<\/p>\n\n\n\n<p>Avant de travailler pour ce parti politique, j&rsquo;\u00e9tais une personne tr\u00e8s ouverte, solaire, je riais tout le temps, je portais toujours des couleurs vives, je suis devenue au fil des ann\u00e9es au service de ce parti politique de plus en plus aigrie, acerbe, triste, j&rsquo;ai arr\u00eat\u00e9 de contacter mes proches, j&rsquo;ai perdu tous mes amis, je me suis f\u00e2ch\u00e9e avec plusieurs membres de ma famille, j&rsquo;\u00e9tais au fond du trou que je creusais encore et encore, je pleurais tous les jours dans mon bureau, tous les soirs dans mon lit, tous les matins en me regardant dans le mirroir, je travaillais dans le vide, sans la moindre reconnaissance et avec une sensation persistante de profonde inutilit\u00e9. <\/p>\n\n\n\n<p>J&rsquo;ai tent\u00e9 tant bien que mal de m&rsquo;extraire de cette carri\u00e8re professionnelle en acceptant des postes compl\u00e8tement diff\u00e9rents tels que Conseill\u00e8re P\u00f4le Emploi \u00e0 Aubervilliers ou Responsable Administrative et Financi\u00e8re dans une SCIC \u00e0 Pantin, mais j&rsquo;ai \u00e9t\u00e9 recrut\u00e9e un an apr\u00e8s mon d\u00e9part d&rsquo;EELV par un ancien coll\u00e8gue des jeunes \u00e9cologistes pour occuper le poste de cheffe de cabinet \u00e0 la Mairie de Schiltigheim qui venait tout juste de passer entre les mains d&rsquo;une liste \u00e9cologiste, socialiste et communiste. <\/p>\n\n\n\n<p>Apr\u00e8s un an en poste, alors que j&rsquo;avais enfin r\u00e9ussi \u00e0 obtenir la confiance de la plupart des salari\u00e9s des \u00e9quipes dont j&rsquo;avais la charge, je me d\u00e9battais avec certains \u00e9lus qui m&rsquo;humiliaient \u00e0 chaque fois que l&rsquo;occasion se pr\u00e9sentait. L&rsquo;un d&rsquo;entre eux s&rsquo;est plaint \u00e0 Mme La Maire lorsque je lui ai dit de cesser de se comporter comme il le faisait avec moi. Il n&rsquo;a finalement pas \u00e9t\u00e9 reconduit en 2020 (CHEH !), mais on m&rsquo;a aimablement invit\u00e9e \u00e0 accepter une rupture anticip\u00e9e de mon CDD un an plus t\u00f4t, en 2019. J&rsquo;ai appris des ann\u00e9es plus tard qu&rsquo;il avait \u00e9t\u00e9 dit que l&rsquo;initiative de mon d\u00e9part venait de moi, il n&rsquo;en est rien. Si je suis partie, je pense que c&rsquo;\u00e9tait pour \u00e9viter que je finisse par poser un s\u00e9rieux probl\u00e8me \u00e0 force de pointer du doigt l&rsquo;hypocrisie et la d\u00e9magogie que j&rsquo;observais et que j&rsquo;avais m\u00eame commenc\u00e9 \u00e0 d\u00e9noncer apr\u00e8s des mois \u00e0 avoir essay\u00e9 de fermer ma gueule.<\/p>\n\n\n\n<p>Puis, sur les conseils d&rsquo;un autre ami, j&rsquo;ai occup\u00e9 le poste de directrice de campagne de la liste \u00e9cologiste aux \u00e9lections municipales de Caen en 2020. L\u00e0 encore, j&rsquo;\u00e9tais en d\u00e9calage total avec la t\u00eate de liste qui s&rsquo;est comport\u00e9e avec moi comme tellement d&rsquo;autres hommes l&rsquo;ont fait dans ma carri\u00e8re&#8230; Je pense que, tout comme le poste occup\u00e9 juste avant, tout comme le fut le suivant, j&rsquo;\u00e9tais l\u00e0 encore en rechute de mon burn-out. Mais je n&rsquo;arrive pas \u00e0 m&rsquo;enlever de l&rsquo;id\u00e9e que ce que j&rsquo;appelle un burn-out n&rsquo;est qu&rsquo;une fatigue morale due \u00e0 une s\u00e9rie d&rsquo;injustices subies quotidiennement dans le silence. Je pense que le burn-out, chez moi, se manifeste par la fin du mutisme dans lequel je m&rsquo;enferme pour rentrer dans un moule social et \u00e9viter ainsi les regards des autres. Je pense que ma fatigue est li\u00e9e \u00e0 ce mutisme auquel je me contrains pour tenter d&rsquo;\u00eatre une personne que je ne suis pas, \u00e7a me demande tellement d&rsquo;efforts, tellement d&rsquo;\u00e9nergie de me taire et subir en silence. C&rsquo;est cette fatigue cumul\u00e9e qui finit par me faire exploser et m&rsquo;am\u00e8ne \u00e0 l&rsquo;obligation de mettre fin temporairement \u00e0 toute activit\u00e9 professionnelle.<\/p>\n\n\n\n<p>En 2021, apr\u00e8s la pand\u00e9mie, j&rsquo;ai \u00e9t\u00e9 r\u00e9crut\u00e9e dans un tout autre domaine, l&rsquo;informatique, en tant que consultante technique et fonctionnel. \u00c0 la premi\u00e8re lecture de mon CV, l&#8217;employeur pensait que je n&rsquo;avais pas le profil pour le poste, et je pense que si j&rsquo;avais \u00e9t\u00e9 \u00e0 sa place je n&rsquo;aurais pas non plus pari\u00e9 sur moi, mais je pense aussi que j&rsquo;ai brillamment r\u00e9ussi \u00e0 lui prouver le contraire.<\/p>\n\n\n\n<p>Et puis l&rsquo;ann\u00e9e derni\u00e8re, alors que je pensais que \u00e7a allait mieux, j&rsquo;ai rechut\u00e9, burn-out again.<\/p>\n\n\n\n<p>Le r\u00e9sultat a \u00e9t\u00e9 le m\u00eame que lors de mon premier burn-out. J&rsquo;\u00e9tais \u00e0 bout, j&rsquo;avais tout donn\u00e9, j&rsquo;avais m\u00eame mis de c\u00f4t\u00e9 tout le reste, tous mes engagements personnels, je pensais que je devais me concentrer sur mon travail pour tout faire pour le garder, j&rsquo;ai mis beaucoup d&rsquo;\u00e9nergie dans des projets que j&rsquo;aimais mais j&rsquo;ai aussi mis \u00e9norm\u00e9ment d&rsquo;\u00e9nergie \u00e0 me taire et \u00e0 subir des propos, des remarques, des r\u00e9flexions, des comportements humiliants quasiment quotidiennement. <\/p>\n\n\n\n<p>Je ne me sentais, l\u00e0 encore, pas vraiment \u00e0 ma place, je ne me sentais pas en confiance, j&rsquo;\u00e9prouvais un grand malaise et je commen\u00e7ais \u00e0 s\u00e9rieusement tourner en rond, \u00e0 ruminer, \u00e0 fatiguer de devoir prendre sur moi en permanence, \u00e0 me retenir de hurler, \u00e0 retenir mes r\u00e9ponses aux multiples attaques dont j&rsquo;\u00e9tais la cible au bureau, de la part de certains coll\u00e8gues. J&rsquo;avais r\u00e9agi une fois, j&rsquo;avais d\u00e9pos\u00e9 une plainte en interne et \u00e7a n&rsquo;avait fait qu&#8217;empirer la situation alors, pour \u00e9viter de subir encore plus d&rsquo;attaques, encore plus de remarques, encore plus de malaises alors que j&rsquo;\u00e9tais d\u00e9j\u00e0 dans un \u00e9tat de grande souffrance cumul\u00e9e au fil des ann\u00e9es, j&rsquo;ai pr\u00e9f\u00e9r\u00e9 me taire et continuer \u00e0 subir en silence, grave erreur.<\/p>\n\n\n\n<p>Devant l&rsquo;impasse dans laquelle nous nous trouvions, malgr\u00e9 mon gros travail sur moi-m\u00eame accompagn\u00e9e par une psychologue qui m&rsquo;a finalement amen\u00e9e \u00e0 la conclusion que je n&rsquo;\u00e9tais pas, \u00e0 moi seule, tout le probl\u00e8me et qu&rsquo;il y avait des choses que je ne pourrais jamais accepter de subir en silence m\u00eame avec toute la meilleure volont\u00e9 du monde, mon employeur et moi avons finalement convenu d&rsquo;une rupture conventionnelle pour que je me lance \u00e0 mon compte.<\/p>\n\n\n\n<p>Je pense encore aujourd&rsquo;hui que c&rsquo;\u00e9tait la seule issue possible. J&rsquo;adore le travail que je continue \u00e0 faire partiellement aujourd&rsquo;hui en freelance, je m&rsquo;amuse beaucoup avec les projets qu&rsquo;on met entre mes mains mais je pense aussi que j&rsquo;ai besoin de plus, de faire autre chose, de voir autre chose, et d&rsquo;\u00e9voluer dans une direction que je n&rsquo;aurais jamais pu suivre dans cette entreprise l\u00e0, loin de certaines personnes peu scrupuleuses qui ont faire resurgir chez moi des traumas que je ne souhaite plus vivre. Et surtout je manque cruellement d&rsquo;une fibre commerciale, ce n&rsquo;est pas dans mon ADN et je peux forcer, je peux me former, je peux faire tout \u00e7a, je sais que \u00e7a n&rsquo;est pas \u00ab\u00a0mon truc\u00a0\u00bb et que \u00e7a ne le sera jamais.<\/p>\n\n\n\n<p>Je dois me r\u00e9soudre \u00e0 l&rsquo;accepter aujourd&rsquo;hui, je l&rsquo;ai compris, je suis peut-\u00eatre une introvertie qui sait mettre \u00e0 l&rsquo;aise la plupart des gens, je suis peut-\u00eatre une extravertie qui n&rsquo;aime pas trop sortir de chez elle, je suis peut-\u00eatre la caricature m\u00eame de l&rsquo;ambiversion, mais je suis surtout et avant tout un leader naturel avec un talent pour la gestion de projet, la gestion d&rsquo;\u00e9quipes, la r\u00e9daction de plaidoyers, la prise de parole en public, et quand je peux exercer tout \u00e7a, quand je suis libre d&rsquo;aller au bout de mes id\u00e9es, quand j&rsquo;arrive \u00e0 m&rsquo;extraire de la volont\u00e9 des hommes ou m\u00eame de certaines femmes, parfois, \u00e0 vouloir exercer sur moi tout le paternalisme dont ils sont capables, quand je ne suis pas confront\u00e9e \u00e0 la jalousie de ces gens qui n&rsquo;ont pas mon talent, quelqu&rsquo;il soit, si tant est que j&rsquo;en ai, et qui vont tout faire pour me pourrir la vie (et \u00e7a j&rsquo;y suis malheureusement confront\u00e9e depuis le tout d\u00e9but de ma carri\u00e8re), alors, enfin, je m&rsquo;\u00e9clate. <\/p>\n\n\n\n<p>Heureusement, j&rsquo;ai pu d\u00e9velopper une partie de mes talents dans le cadre d&rsquo;engagements b\u00e9n\u00e9voles vari\u00e9s.<\/p>\n\n\n\n<h2 class=\"wp-block-heading\">Ma carri\u00e8re b\u00e9n\u00e9vole<\/h2>\n\n\n\n<p>En marge de cette carri\u00e8re professionnelle bord\u00e9lique, j&rsquo;ai men\u00e9 une carri\u00e8re b\u00e9n\u00e9vole dans la politique. <\/p>\n\n\n\n<p>J&rsquo;ai rejoint les Jeunes Verts du Limousin en 2010 puis, quand j&rsquo;ai commenc\u00e9 mon travail au si\u00e8ge des Verts \u00e0 Paris, j&rsquo;ai rejoint les Jeunes Verts d&rsquo;Ile-de-France devenus entre temps les Jeunes Ecologistes. J&rsquo;ai \u00e9t\u00e9 \u00e9lue tr\u00e9sori\u00e8re des Jeunes Ecologistes d&rsquo;Ile-de-France entre 2010 et 2011 puis je suis rest\u00e9e simple membre jusqu&rsquo;\u00e0 mes 28 ans. Je pourrais vous raconter comment le pr\u00e9sident des Jeunes Ecologistes d&rsquo;Ile-de-France avait d\u00e9tourn\u00e9 l&rsquo;argent de l&rsquo;organisation alors que j&rsquo;\u00e9tais tr\u00e9sori\u00e8re, et comment il avait rejet\u00e9 la faute sur moi alors que toutes les preuves en ma possession le pointaient du doigt, je peux vous raconter comment cet homme l\u00e0 chassait les nouvelles recrues pour assouvir son besoin de sexe, je peux vous raconter comment les jeunes \u00e9cologistes \u00e9taient consid\u00e9r\u00e9s par les moins jeunes du parti, telles des proies dociles \u00e0 qui on peut faire croire qu&rsquo;elles auront des responsabilit\u00e9s si et seulement si elles acceptent de passer \u00e0 la casserole, je n&rsquo;en ferais rien. Tout ce que je peux vous dire, c&rsquo;est que j&rsquo;y ai \u00e9t\u00e9 confront\u00e9e mais n&rsquo;y ai jamais c\u00e9d\u00e9.<\/p>\n\n\n\n<p>En parall\u00e8le, j&rsquo;ai adh\u00e9r\u00e9 \u00e0 EELV entre 2011 et 2013, je me suis port\u00e9e candidate pour EELV aux l\u00e9gislatives de 2012 et j&rsquo;\u00e9tais sur la liste des \u00e9cologistes de Pantin pour les municipales de 2014. Suite \u00e0 cette campagne l\u00e0 en particulier, j&rsquo;ai fait le choix de ne plus payer de cotisation \u00e0 ce parti et de me contenter d&rsquo;en \u00eatre simple adh\u00e9rente. Je crois que \u00e7a et tout ce que j&rsquo;ai racont\u00e9 pr\u00e9c\u00e9demment, tout \u00e7a cumul\u00e9 fait que je n&rsquo;y croyais plus trop, j&rsquo;\u00e9tais dans la d\u00e9sillusion, j&rsquo;avais perdu la verve qui m&rsquo;avait fait rejoindre le mouvement au d\u00e9part, j&rsquo;avais perdu la croyance que les autres membres partageaient, j&rsquo;avais d\u00e9chant\u00e9.<\/p>\n\n\n\n<p>Esp\u00e9rant trouver un autre combat \u00e0 mener et retrouver des activit\u00e9s saines \u00e0 exercer pendant mon temps libre, j&rsquo;ai d&rsquo;abord rejoint l&rsquo;association Chanvre et Libert\u00e9 (NormL France) en 2015 puis j&rsquo;ai mont\u00e9 une antenne locale des Incroyables Comestibles \u00e0 Pantin en 2016. <\/p>\n\n\n\n<p>Mais j&rsquo;\u00e9tais toujours coinc\u00e9e avec EELV, j&rsquo;avais toujours cette impression de ne pas \u00eatre libre de mes mouvements et de porter, tel un fardeau, cet emploi que j&rsquo;avais pourtant eu, quelques ann\u00e9es plus t\u00f4t, beaucoup de fiert\u00e9 \u00e0 exercer. Mon travail me pesait et pesait sur mes autres engagements. Je n&rsquo;\u00e9tais pas juste Florie, la militante associative, j&rsquo;\u00e9tais Florie la salari\u00e9e d&rsquo;un parti politique, la \u00ab\u00a0vendue\u00a0\u00bb, l&rsquo;espionne parfois&#8230;<\/p>\n\n\n\n<p>En 2017, apr\u00e8s avoir quitt\u00e9 mon travail pour les Verts, je rejoignais b\u00e9n\u00e9volement le Parti Pirate pour qui j&rsquo;ai men\u00e9 campagne aux l\u00e9gislatives en 2017 \u00e0 Pantin et Aubervilliers puis pour qui j&rsquo;ai port\u00e9 une liste aux \u00e9lections europ\u00e9ennes en 2019. J&rsquo;ai ensuite \u00e9t\u00e9 candidate une derni\u00e8re fois pour ce parti aux \u00e9lections l\u00e9gislatives de 2022 dans l&rsquo;Essonne. Alors m\u00eame que je n&rsquo;\u00e9tais plus salari\u00e9e des Verts, j&rsquo;\u00e9tais encore consid\u00e9r\u00e9e par certains autres membres comme un poisson pilote de ce parti, comme une espionne qui avait l&rsquo;objectif secret de rallier les Pirates aux Verts. J&rsquo;ai d\u00fb prouver par les mots et les actes que ce n&rsquo;\u00e9tait pas le cas, tenant parfois des propos insultants vis-\u00e0-vis de celles et ceux qui avaient \u00e9t\u00e9, autrefois, mes camarades de lutte. J&rsquo;\u00e9tais lib\u00e9r\u00e9e d&rsquo;un parti mais je m&rsquo;\u00e9tais enferm\u00e9e dans un autre avec tous les travers que \u00e7a impliquait.<\/p>\n\n\n\n<p>Au Parti Pirate, forte de mon exp\u00e9rience au si\u00e8ge national d&rsquo;EELV, j&rsquo;ai gravi les \u00e9chelons en interne assez rapidement. D&rsquo;abord coordinatrice de la section Ile-de-France entre 2017 et 2018, j&rsquo;ai tr\u00e8s activement particip\u00e9 \u00e0 la reforme statutaire qui a permis le d\u00e9ploiement d&rsquo;un nouveau fonctionnement interne en 2018. Membre du Conseil Transitoire en 2018, j&rsquo;ai ensuite \u00e9t\u00e9 nomm\u00e9e au Conseil des Relations Publiques et Porte-Parole du Parti en septembre 2018 et je suis rest\u00e9e \u00e0 cette place jusqu&rsquo;en octobre 2023. J&rsquo;\u00e9tais sur tous les fronts, de l&rsquo;accueil des adh\u00e9rents \u00e0 la communication publique du parti, de la gestion du site Internet \u00e0 la gestion des relations avec les autres organisations ou avec la presse, j&rsquo;intervenais partout o\u00f9 je le pouvais, j&rsquo;\u00e9tais proactive, superactive, je participais aux d\u00e9bats qui m&rsquo;int\u00e9ressaient et j&rsquo;\u00e9crivais des articles ou des points de programme pour enrichir un programme un peu trop l\u00e9ger \u00e0 mon go\u00fbt. Apr\u00e8s les europ\u00e9ennes de 2019, j&rsquo;esp\u00e9rais recruter suffisamment de monde pour pouvoir passer le relai, mais j&rsquo;ai encha\u00een\u00e9 d\u00e9ceptions et d\u00e9convenues. Apr\u00e8s avoir essuy\u00e9 plusieurs dramas, j&rsquo;ai finalement choisi d&rsquo;accepter l&rsquo;opportunit\u00e9 qu&rsquo;on m&rsquo;a offert de poursuivre un engagement \u00e0 l&rsquo;international.<\/p>\n\n\n\n<p>En 2020 j&rsquo;ai \u00e9t\u00e9 nomm\u00e9e au bureau du Parti Pirate Europ\u00e9en dont je suis devenue vice-pr\u00e9sidente en 2021 jusqu&rsquo;en 2023, ann\u00e9e lors de laquelle j&rsquo;ai \u00e9t\u00e9 nomm\u00e9 Pr\u00e9sidente du Parti Pirate International. Cet aspect l\u00e0 de mon engagement, j&rsquo;en ai parl\u00e9 <a href=\"https:\/\/floriemarie.fr\/index.php\/2023\/12\/09\/discours-ma-demission-de-la-presidence-du-parti-pirate-international-my-resign-of-the-presidency-of-the-international-pirate-parties\/\" data-type=\"link\" data-id=\"https:\/\/floriemarie.fr\/index.php\/2023\/12\/09\/discours-ma-demission-de-la-presidence-du-parti-pirate-international-my-resign-of-the-presidency-of-the-international-pirate-parties\/\">ici<\/a>, j&rsquo;en reparlerai surement. <\/p>\n\n\n\n<p>D\u00e9j\u00e0 sensibilis\u00e9e au traitement r\u00e9serv\u00e9 aux femmes dans le monde politique en France suite \u00e0 mes diff\u00e9rentes exp\u00e9riences professionnelles et \u00e9lectorales, j&rsquo;ai subi le sexisme des membres des partis pirates de pays dans lesquels la place de la femme est encore plus questionn\u00e9e que dans notre pays. J&rsquo;ai observ\u00e9 puis \u00e9t\u00e9 moi-m\u00eame la victime d&rsquo;une misogynie latente mais omnipr\u00e9sente dans l&rsquo;organisation \u00e0 tous les niveaux. <\/p>\n\n\n\n<p>N&rsquo;\u00e9tant pas salari\u00e9e donc pas soumise aux m\u00eames contraintes sociales et de discr\u00e9tion, je me permettais de t\u00e9moigner publiquement de ces injustices, allant m\u00eame jusqu&rsquo;\u00e0 parler de mon v\u00e9cu professionnel dans le cadre partisan, me lib\u00e9rant d&rsquo;un poids que je ne supportais plus de porter.<\/p>\n\n\n\n<p>J&rsquo;ai ouvert la voie \u00e0 d&rsquo;autres t\u00e9moignages, j&rsquo;ai re\u00e7u des messages de soutien d&rsquo;anciens coll\u00e8gues qui n&rsquo;avaient pas compris, pas vu, pas entendu, de membres qui ne savaient pas ou des messages de victimes des m\u00eames personnes que celles qui furent mes bourreaux et qui s&rsquo;activaient, en vain, \u00e0 les d\u00e9boulonner. Les bourreaux restent et les victimes partent, c&rsquo;est une loi malheureusement immuable dans notre merveilleuse soci\u00e9t\u00e9. <\/p>\n\n\n\n<p>Et puis j&rsquo;ai commenc\u00e9 \u00e0 recevoir des messages de la part de membres de ma propre organisation politique m&rsquo;intimant de fermer ma gueule parce qu&rsquo;on n&rsquo;est pas l\u00e0 pour raconter sa vie, parce que l&rsquo;image que \u00e7a renvoit, le f\u00e9minisme que je d\u00e9gage, ce n&rsquo;est pas l&rsquo;image que ceux-l\u00e0 souhaitent renvoyer avec ce parti l\u00e0, parce que j&rsquo;\u00e9tais bien gentille quand je n&rsquo;en parlais pas ou qu&rsquo;en priv\u00e9, parce que je suis beaucoup trop visible, parce que j&rsquo;attire beaucoup trop la lumi\u00e8re sur moi aussi, mine de rien, parce que je prenais de la place, trop de place malheureusement et bien malgr\u00e9 moi, et parce que \u00e7a fait t\u00e2che quand m\u00eame pour une organisation qui pr\u00e9tend qu&rsquo;elle est en avance sur les autres sur les questions des droits des femmes de devoir faire sa propre introspection&#8230;<\/p>\n\n\n\n<p>Fin 2023, fatigu\u00e9e de lutter seule contre le sexisme omnipr\u00e9sent au niveau international et, un peu moins seule, contre un mouvement ultra lib\u00e9ral s\u00e9rieusement misogyne au niveau fran\u00e7ais, j&rsquo;ai finalement tout plaqu\u00e9 pour me concentrer sur ma carri\u00e8re professionnelle et, surtout, sur ma vie priv\u00e9e.<\/p>\n\n\n\n<h2 class=\"wp-block-heading\">Mon parcours de VAE<\/h2>\n\n\n\n<p>En 2020, ann\u00e9e de la pand\u00e9mie, alors que la campagne municipale que je dirigeais s&rsquo;\u00e9tait achev\u00e9e au premier tour suite \u00e0 la victoire du maire sortant, j&rsquo;ai tent\u00e9 une seconde fois de sortir de l&#8217;emprise que les partis politiques avaient sur ma carri\u00e8re professionnelle. <\/p>\n\n\n\n<p>J&rsquo;ai toujours voulu \u00e9crire mais je n&rsquo;ai jamais os\u00e9 me lancer, il fallait que je gagne de l&rsquo;argent pour vivre et rester ind\u00e9pendante financi\u00e8rement mais mes choix de carri\u00e8re catastrophiques m&rsquo;ont amen\u00e9e dans une impasse. <\/p>\n\n\n\n<p>J&rsquo;ai ouvert <a href=\"https:\/\/blogs.mediapart.fr\/florie-marie\/blog\">un blog sur M\u00e9diapart<\/a> histoire de me lancer un peu, j&rsquo;ai \u00e9crit plusieurs articles avec plus ou moins d&rsquo;\u00e9chos sur le th\u00e8me de la d\u00e9mocratie et des divers probl\u00e8mes li\u00e9s \u00e0 notre syst\u00e8me r\u00e9publicain. <\/p>\n\n\n\n<p>J&rsquo;ai aussi ouvert <a href=\"https:\/\/www.twitch.tv\/floriemarie\">une chaine Twitch<\/a> sur laquelle j&rsquo;ai commenc\u00e9 \u00e0 animer des lives de plus en plus r\u00e9guli\u00e8rement, d&rsquo;abord des lectures des statuts de partis politiques puis des lectures d&rsquo;articles de presse d&rsquo;actualit\u00e9 plus ou moins brulante. Toutes mes vid\u00e9os sont r\u00e9f\u00e9renc\u00e9es sur <a href=\"https:\/\/www.youtube.com\/@Florie_\" data-type=\"link\" data-id=\"https:\/\/www.youtube.com\/@Florie_\">ma chaine Youtube<\/a>.<\/p>\n\n\n\n<p>J&rsquo;ai aussi commenc\u00e9 \u00e0 me renseigner pour entreprendre une validation des acquis de l&rsquo;exp\u00e9rience (VAE) dans mon domaine d&rsquo;expertise. Mais en 2020\/2021 les Universit\u00e9s \u00e9taient toutes \u00e0 l&rsquo;arr\u00eat, les conseillers d&rsquo;orientation que j&rsquo;avais r\u00e9ussi \u00e0 avoir au t\u00e9l\u00e9phone m&rsquo;avaient vivement conseill\u00e9 d&rsquo;attendre que les choses se tassent pour entreprendre cette VAE alors j&rsquo;ai attendu. <\/p>\n\n\n\n<p>J&rsquo;ai attendu un peu trop longtemps, quand j&rsquo;ai commenc\u00e9 \u00e0 reprendre les d\u00e9marches en avril 2021 c&rsquo;\u00e9tait un mois trop tard pour assister aux r\u00e9unions d&rsquo;information qui constituent la premi\u00e8re \u00e9tape indispensable pour s&rsquo;inscrire dans le processus de VAE. <\/p>\n\n\n\n<p>En juin 2021, je commen\u00e7ais ce nouveau travail dans une toute autre branche professionnelle, j&rsquo;ai donc mis en pause mon projet de VAE. <\/p>\n\n\n\n<p>Mais en d\u00e9cembre 2024, quand j&rsquo;ai obtenu ma rupture conventionnelle, c&rsquo;\u00e9tait pile au bon moment pour m&rsquo;inscrire aux r\u00e9unions d&rsquo;information. <\/p>\n\n\n\n<p>J&rsquo;avais d&rsquo;abord entrepris de faire une VAE en droit pour pousser vers des \u00e9tudes sup\u00e9rieures de droit public, mais au fil de mes discussions notamment avec M. qui fut d&rsquo;abord ma conseill\u00e8re P\u00f4le Emploi avant de devenir mon amie, je me suis r\u00e9orient\u00e9e vers une VAE bien plus \u00e9vidente compte-tenu de mon parcours professionnel : un master 2 de science politique.<\/p>\n\n\n\n<p>Et il se trouve que l&rsquo;un de ces masters correspond tr\u00e8s pr\u00e9cis\u00e9ment \u00e0 ma carri\u00e8re, celui de M\u00e9tiers du Politique enseign\u00e9 dans plusieurs universit\u00e9s, notamment \u00e0 la tr\u00e8s prestigieuse universit\u00e9 Paris 1 Panth\u00e9on Sorbonne, \u00e0 l&rsquo;Universit\u00e9 de Lille ou encore, bien plus proche g\u00e9ographiquement de chez moi, l&rsquo;Universit\u00e9 Paris Saclay o\u00f9 M. \u00e9tait justement \u00e9tudiante et dont elle ne m&rsquo;a dit que du bien.<\/p>\n\n\n\n<p>C&rsquo;est assez paradoxal finalement, moi qui suis arriv\u00e9e par hasard dans la politique, qui ait men\u00e9 une carri\u00e8re professionnelle puis b\u00e9n\u00e9vole de 15 ann\u00e9es et qui ait tout fait pour m&rsquo;en extraire, que j&rsquo;en arrive \u00e0 envisager de valider un master 2 de science politique, pourquoi faire finalement ? <\/p>\n\n\n\n<p>Eh bien en janvier 2025 j&rsquo;ai tent\u00e9 de chercher du travail, des projets pour alimenter mon activit\u00e9 en freelance, un CDD ou m\u00eame un CDI, mais comme en 2017 puis en 2020, lorsque j&rsquo;avais tent\u00e9 de fuir la politique \u00e0 deux reprises, avec le parcours chaotique que je viens de vous d\u00e9crire et sans master, mon CV a encore et toujours bien du mal \u00e0 passer le premier filtre des recruteurs. <\/p>\n\n\n\n<p>En 2020, je m&rsquo;\u00e9tais dit que ce serait peut-\u00eatre plus facile avec un master mais je n&rsquo;avais aucune envie de retourner \u00e0 l&rsquo;universit\u00e9 pour m&rsquo;entendre expliquer des choses que je savais d\u00e9j\u00e0 car v\u00e9cue sur le terrain toutes ces ann\u00e9es, de me retrouver avec des petits jeunes de 25 ans persuad\u00e9s de d\u00e9j\u00e0 tout savoir, comme je l&rsquo;ai moi-m\u00eame \u00e9t\u00e9 \u00e0 leur \u00e2ge, et face \u00e0 des enseignants incapables d&rsquo;accepter de remettre en question leurs enseignements, comme je l&rsquo;ai trop souvent v\u00e9cu quand j&rsquo;\u00e9tais \u00e9tudiante. <\/p>\n\n\n\n<p>Et puis au regard de toute ce que je viens de raconter, il se trouve que je coche \u00e0 pr\u00e9sent toutes les cases pour faire une VAE, c&rsquo;est d&rsquo;ailleurs ce qu&rsquo;\u00e0 confirm\u00e9 B. lorsque je l&rsquo;ai eu au t\u00e9l\u00e9phone. B. est un ancien coll\u00e8gue militant des Verts qui se trouve \u00eatre aussi un ancien directeur de l&rsquo;UFR que je souhaitais rejoindre. <\/p>\n\n\n\n<p>Je me souviens qu&rsquo;on avait d\u00e9j\u00e0 discut\u00e9 de \u00e7a ensemble, quand je travaillais pour EELV, il m&rsquo;avait alors dit que le moment venu, quand je voudrai reprendre mes \u00e9tudes, il se ferait une joie de soutenir ma candidature pour entrer en master. <\/p>\n\n\n\n<p>C&rsquo;est J., un autre ancien coll\u00e8gue membre d&rsquo;EELV qui m&rsquo;avait spontan\u00e9ment conseill\u00e9 de contacter B. pour lui demander son avis sur ma capacit\u00e9 \u00e0 valider ce master l\u00e0 alors que je me plaignais de ne trouver aucune information nulle part sur la possibilit\u00e9 de valider un master de science politique. <\/p>\n\n\n\n<p>B. m&rsquo;a dit de foncer, il m&rsquo;a aussi dit de contacter son coll\u00e8gue F., l&rsquo;actuel responsable du cursus de mes r\u00eaves, pour lui demander son avis sur ma capacit\u00e9 \u00e0 valider un master de recherche, parce qu&rsquo;en fait, mon grand objectif, \u00e0 la fin, c&rsquo;est de devenir doctrice en d\u00e9mocratie, et peut-\u00eatre qu&rsquo;un jour j&rsquo;y arriverai.<\/p>\n\n\n\n<p>En attendant, me voil\u00e0 en janvier 2025 au tout d\u00e9but de cette nouvelle aventure qui va me pousser \u00e0 prendre beaucoup de recul sur mes r\u00e9ussites, mes \u00e9checs, mes exp\u00e9riences et sur toute cette carri\u00e8re que j&rsquo;ai men\u00e9e tant bien que mal.<\/p>\n\n\n\n<p>La suite au prochain \u00e9pisode !<\/p>\n\n\n\n<p><em>Si vous \u00eates arriv\u00e9s jusqu&rsquo;ici, vous avez peut-\u00eatre envie de m&rsquo;aider dans le lancement de mon activit\u00e9 et dans mes projets au service de la d\u00e9mocratie, si oui \u00e7a se passe ici : <a href=\"https:\/\/fr.tipeee.com\/florie\">https:\/\/fr.tipeee.com\/florie<\/a><\/em><\/p>\n\n\n\n<p><\/p>\n","protected":false},"excerpt":{"rendered":"<p>Avant de commencer mon dernier contrat de travail salari\u00e9, j&rsquo;avais le projet de reprendre mes \u00e9tudes pour pousser jusqu&rsquo;au doctorat. J&rsquo;envisageais s\u00e9rieusement de m&rsquo;inscrire \u00e0 la fac pour aller au bout de ce projet mais, avec la pand\u00e9mie, tous mes projets de reprises d&rsquo;\u00e9tudes avaient \u00e9t\u00e9 mis \u00e0 l&rsquo;arr\u00eat. Quand j&rsquo;ai quitt\u00e9 mon emploi en [&hellip;]<\/p>\n","protected":false},"author":1,"featured_media":0,"comment_status":"open","ping_status":"open","sticky":false,"template":"","format":"standard","meta":{"footnotes":""},"categories":[530],"tags":[354,37,321,126,532,531,100],"class_list":["post-1494","post","type-post","status-publish","format-standard","hentry","category-ma-vae","tag-eelv","tag-elections","tag-parti-pirate","tag-politique","tag-science-politique","tag-vae","tag-vss"],"_links":{"self":[{"href":"https:\/\/floriemarie.fr\/index.php\/wp-json\/wp\/v2\/posts\/1494","targetHints":{"allow":["GET"]}}],"collection":[{"href":"https:\/\/floriemarie.fr\/index.php\/wp-json\/wp\/v2\/posts"}],"about":[{"href":"https:\/\/floriemarie.fr\/index.php\/wp-json\/wp\/v2\/types\/post"}],"author":[{"embeddable":true,"href":"https:\/\/floriemarie.fr\/index.php\/wp-json\/wp\/v2\/users\/1"}],"replies":[{"embeddable":true,"href":"https:\/\/floriemarie.fr\/index.php\/wp-json\/wp\/v2\/comments?post=1494"}],"version-history":[{"count":4,"href":"https:\/\/floriemarie.fr\/index.php\/wp-json\/wp\/v2\/posts\/1494\/revisions"}],"predecessor-version":[{"id":1528,"href":"https:\/\/floriemarie.fr\/index.php\/wp-json\/wp\/v2\/posts\/1494\/revisions\/1528"}],"wp:attachment":[{"href":"https:\/\/floriemarie.fr\/index.php\/wp-json\/wp\/v2\/media?parent=1494"}],"wp:term":[{"taxonomy":"category","embeddable":true,"href":"https:\/\/floriemarie.fr\/index.php\/wp-json\/wp\/v2\/categories?post=1494"},{"taxonomy":"post_tag","embeddable":true,"href":"https:\/\/floriemarie.fr\/index.php\/wp-json\/wp\/v2\/tags?post=1494"}],"curies":[{"name":"wp","href":"https:\/\/api.w.org\/{rel}","templated":true}]}}