{"id":122,"date":"2022-08-29T19:24:00","date_gmt":"2022-08-29T17:24:00","guid":{"rendered":"https:\/\/floriemarie.fr\/?p=122"},"modified":"2023-11-11T19:27:17","modified_gmt":"2023-11-11T18:27:17","slug":"moi-florie-m-porte-parole-du-parti-pirate-ex-permanente-politique","status":"publish","type":"post","link":"https:\/\/floriemarie.fr\/index.php\/2022\/08\/29\/moi-florie-m-porte-parole-du-parti-pirate-ex-permanente-politique\/","title":{"rendered":"Moi, Florie M., Porte-Parole du Parti Pirate, ex permanente politique&#8230;"},"content":{"rendered":"\n<p><em>Cela fait un peu plus d&rsquo;un an maintenant que je tiens ce blog et que j&rsquo;y publie mes id\u00e9es et je me rends compte que chaque publication fait l&rsquo;objet de plus ou moins de r\u00e9actions, d&rsquo;accusations ou de critiques et surtout de jugements ou de fantasmes sur ma personne, mes intentions ou ma volont\u00e9. Je vais m&#8217;employer aujourd&rsquo;hui \u00e0 vous livrer ma version de mon histoire personnelle.<\/em><\/p>\n\n\n\n<p><em>Cet article est donc tr\u00e8s personnel, pour cela je vais utiliser souvent les pronoms \u00ab\u00a0moi\u00a0\u00bb et \u00ab\u00a0je\u00a0\u00bb, ne vous en d\u00e9plaise, c&rsquo;est le principe de l&rsquo;autobiographie.<\/em><\/p>\n\n\n\n<h2 class=\"wp-block-heading\">Engag\u00e9e depuis toute petite&#8230;\u00a0<\/h2>\n\n\n\n<p>Je suis n\u00e9e le 20 octobre 1987 \u00e0 Falaise, dans le Calvados. J&rsquo;ai v\u00e9cu dans 25 endroits diff\u00e9rents, donc ce serait assez long de vous d\u00e9crire les diff\u00e9rentes villes et r\u00e9gions o\u00f9 j&rsquo;ai grandi et travaill\u00e9, tout ce que je peux vous dire c&rsquo;est que je n&rsquo;ai pas grandi \u00e0 Paris, ni dans une grande ville (ou alors tr\u00e8s peu de temps) et je suis arriv\u00e9e en r\u00e9gion parisienne apr\u00e8s mes 20 ans pour travailler, mais j&rsquo;en ai largement assez\u00a0parl\u00e9 sur Twitter en d\u00e9cembre dernier.<\/p>\n\n\n\n<p>Pendant toute ma scolarit\u00e9, depuis l&rsquo;\u00e2ge de 8 ans et jusqu&rsquo;\u00e0 la fin de ma deuxi\u00e8me deuxi\u00e8me ann\u00e9e de DUT (j&rsquo;ai foir\u00e9 le stage de la fin de ma premi\u00e8re deuxi\u00e8me ann\u00e9e donc j&rsquo;ai d\u00fb refaire une deuxi\u00e8me ann\u00e9e), je me suis engag\u00e9e \u00e0 plusieurs niveau. \u00c0 8 ans j&rsquo;ai \u00e9t\u00e9 \u00e9lue Conseill\u00e8re municipal des jeunes \u00e0 Falaise. J&rsquo;ai \u00e9t\u00e9 \u00e9lue d\u00e9l\u00e9gu\u00e9e de classe quasiment tous les ans entre la 6\u00e8me et la 3\u00e8me. En 4\u00e8me, j&rsquo;ai \u00e9t\u00e9 \u00e9lue d\u00e9l\u00e9gu\u00e9e des \u00e9l\u00e8ves au Conseil d&rsquo;administration de mon coll\u00e8ge \u00e0 Caen. En 2nde, j&rsquo;ai \u00e9t\u00e9 \u00e9lue Conseill\u00e8re de la Vie Lyc\u00e9enne \u00e0 La Souterraine. \u00c0 l&rsquo;IUT de Limoges, j&rsquo;ai \u00e9t\u00e9 \u00e9lue membre du Conseil d&rsquo;IUT. Et \u00e0 chaque fois que je me pr\u00e9sentais, je le faisais en d\u00e9fendant toujours la m\u00eame id\u00e9e de ce que devait \u00eatre un \u00e9lu, soit la personne qui s&rsquo;exprimait pour porter la parole de ses camarades, les d\u00e9fendre et porter leurs revendications \u00e0 l&rsquo;attention des enseignants ou de l&rsquo;administration, mais pas le \u00ab\u00a0chef\u00a0\u00bb ni le \u00ab\u00a0pr\u00e9sident de classe\u00a0\u00bb, jamais. Quand je m&rsquo;engageais, je le faisais parce que j&rsquo;\u00e9tais dou\u00e9e pour parler en public, parce que je savais quoi dire et comment et que j&rsquo;avais assez de cran pour tenir t\u00eate aux adultes quand c&rsquo;\u00e9tait n\u00e9cessaire. J&rsquo;ai milit\u00e9 pendant quasiment toute ma scolarit\u00e9, mais je n&rsquo;ai jamais milit\u00e9 dans un syndicat ni dans un parti politique parce que j&rsquo;estimais qu&rsquo;ils \u00e9taient tous pourris et qu&rsquo;ils avaient d\u00e9voy\u00e9 le principe m\u00eame de la repr\u00e9sentativit\u00e9, soit le fait de repr\u00e9senter et non de diriger, et je m&rsquo;\u00e9tais mis en t\u00eate que le seul moyen de changer ce syst\u00e8me c&rsquo;\u00e9tait d&rsquo;y entrer pour le renverser de l&rsquo;int\u00e9rieur, restait \u00e0 savoir comment y entrer. \u00c0 la fin de ma scolarit\u00e9, alors que je cherchais un travail, j&rsquo;\u00e9tais un peu d\u00e9pourvue par l&rsquo;absence d&rsquo;engagement militant&#8230; C&rsquo;est \u00e0 ce moment que j&rsquo;ai choisi de m&rsquo;engager en politique. Mais je ne voulais pas m&rsquo;engager n&rsquo;importe o\u00f9, je voulais que cet engagement ait du sens par rapport \u00e0 mes id\u00e9es et surtout je voulais m&rsquo;engager dans un mouvement d\u00e9mocratique tant dans le programme politique port\u00e9 que dans le syst\u00e8me organisationnel interne. C&rsquo;est la campagne des europ\u00e9ennes de 2009 qui m&rsquo;a fait me rapprocher des Verts. Voir ces personnes aux horizons si diff\u00e9rents se retrouver sur une seule et m\u00eame liste, militer ensemble, se rassembler dans un mouvement qu&rsquo;ils qualifiaient de d\u00e9mocratique, \u00e7a m&rsquo;avait s\u00e9duite.<\/p>\n\n\n\n<h2 class=\"wp-block-heading\">Embauch\u00e9e par les Verts \u00e0 la sortie de la fac&#8230;<\/h2>\n\n\n\n<p>J&rsquo;ai d&rsquo;abord rejoint le mouvement de jeunesse de l&rsquo;\u00e9cologie politique, qui s&rsquo;appelait alors Les Jeunes Verts, en janvier 2010, puis j&rsquo;ai \u00e9t\u00e9 recrut\u00e9e par EELV quelques mois plus tard, en octobre 2010, un peu par hasard. Je n&rsquo;ai adh\u00e9r\u00e9 au parti EELV que courant 2011, au moment o\u00f9 les Verts avaient fusionn\u00e9 avec Europe \u00c9cologie. Pour obtenir ce job, j&rsquo;avais simplement r\u00e9pondu \u00e0 une offre de stage d&rsquo;un an qui circulait dans le r\u00e9seau en pr\u00e9cisant bien que je n&rsquo;\u00e9tais pas \u00e9ligible \u00e0 un stage mais que je pouvais \u00eatre embauch\u00e9e en emploi aid\u00e9. J&rsquo;ai appris apr\u00e8s mon embauche qu&rsquo;il n&rsquo;y avait pas de budget pour un recrutement donc que mon arriv\u00e9e n&rsquo;\u00e9tait pas vraiment accept\u00e9e par tout le monde, mon accueil fut relativement froid. Au d\u00e9but, j&rsquo;ai donc commenc\u00e9 en contrat aid\u00e9, \u00e0 \u00ab\u00a0temps partiel\u00a0\u00bb, embauch\u00e9e par une association proche du parti. J&rsquo;ai commenc\u00e9 au service \u00e9lections, j&rsquo;organisais les r\u00e9unions de la commission permanente \u00e9lectorale, j&rsquo;assistais \u00e0 certaines r\u00e9unions avec les partenaires politiques (le PS par exemple) et je pr\u00e9parais les n\u00e9gociations pour le charg\u00e9 des \u00e9lections du bureau ex\u00e9cutif. J&rsquo;ai travaill\u00e9 pour Jean-Marc Br\u00fbl\u00e9 d&rsquo;abord, c&rsquo;est lui qui m&rsquo;a recrut\u00e9e, puis j&rsquo;ai travaill\u00e9 pour David Cormand qui lui a succ\u00e9d\u00e9 au poste pendant un bon moment et sur la fin, j&rsquo;ai travaill\u00e9 quelques mois pour Bruno Bernard. Contrairement \u00e0 toutes les rumeurs qui ont circul\u00e9 \u00e0 mon sujet depuis mon embauche, je n&rsquo;ai couch\u00e9 avec personne dans le but d&rsquo;obtenir ce job, ni avant d&rsquo;\u00eatre embauch\u00e9e, ni une fois embauch\u00e9e, ni apr\u00e8s avoir quitt\u00e9 ce travail. Eh oui, surprise ! J&rsquo;ai obtenu ce travail parce que j&rsquo;\u00e9tais comp\u00e9tente, j&rsquo;avais les connaissances requises pour le poste grace \u00e0 un DUT de Gestion des Entreprises et des Administrations pendant lequel j&rsquo;ai notamment appris \u00e0 manipuler les statistiques et les outils de bureautique (Word et surtout Excel), j&rsquo;avais donc les bases id\u00e9ales pour faire des tableurs de statistiques \u00e9lectorales et mettre en page des comptes-rendus de r\u00e9union et j&rsquo;ai tr\u00e8s vite appris tout ce qui me manquait pour \u00eatre pleinement efficace sur mon poste, et m\u00eame sur d&rsquo;autres postes que le mien, si bien que le \u00ab\u00a0temps partiel\u00a0\u00bb n&rsquo;a jamais \u00e9t\u00e9 partiel que sur le papier. Je n&rsquo;avais cependant pas fait d&rsquo;\u00e9tudes en Sciences Politiques, ni \u00e0 l&rsquo;ENA, ni en droit, et c&rsquo;est sans doute ce qui a ouvert un gouffre persistant avec mes coll\u00e8gues permanents politiques ou collaborateurs d&rsquo;\u00e9lus du m\u00eame \u00e2ge que moi. Eux pensaient que je ne pouvais pas comprendre et moi je n&rsquo;\u00e9tais pas vraiment \u00e0 l&rsquo;aise avec eux parce qu&rsquo;ils me prenaient souvent de haut, j&rsquo;apprenais sur le tas, dans mon coin, ce qu&rsquo;ils savaient d\u00e9j\u00e0 pour me mettre \u00e0 leur niveau mais \u00e7a n&rsquo;a jamais suffit \u00e0 ce qu&rsquo;ils me consid\u00e8rent comme leur \u00e9gale, m\u00eame des ann\u00e9es apr\u00e8s.<\/p>\n\n\n\n<p>\u00c0 mon arriv\u00e9e en poste, on m&rsquo;avait conseill\u00e9 de me positionner sur plusieurs sujets pour montrer que j&rsquo;\u00e9tais motiv\u00e9e et esp\u00e9rer, un jour peut-\u00eatre, passer en CDI, alors j&rsquo;ai propos\u00e9 mon aide pour l&rsquo;organisation des conseils f\u00e9d\u00e9raux (le conseil d&rsquo;administration du parti, tous les trois ou quatre mois), du congr\u00e8s (l&rsquo;Assembl\u00e9e g\u00e9n\u00e9rale du parti, tous les deux ou trois ans) et des r\u00e9unions des diff\u00e9rentes instances. Je ne comptais pas mes heures au d\u00e9but mais, en voyant que plus je donnais, plus on me demandait du temps, sans pour autant que ma situation contractuelle n&rsquo;\u00e9volue, j&rsquo;ai rapidement commenc\u00e9 \u00e0 les noter. Et puis un jour, \u00e0 l&rsquo;\u00e9t\u00e9 2011, soit huit mois apr\u00e8s le d\u00e9but de mon contrat, la direction m&rsquo;a finalement propos\u00e9 de changer de situation et de passer en CDI. \u00c0 ce moment l\u00e0, je travaillais 40h par semaine alors que j&rsquo;\u00e9tais cens\u00e9e n&rsquo;en faire que 20, et la moiti\u00e9 de mes 300 heures suppl\u00e9mentaires m&rsquo;ont \u00e9t\u00e9 sucr\u00e9es sans que je ne puisse rien dire lorsque j&rsquo;ai sign\u00e9 mon nouveau contrat au motif que \u00ab\u00a0attends Florie, on te propose un CDI l\u00e0, tu ne vas pas faire chier avec quelques heures supp\u00a0\u00bb. En fait, je crois que mon employeur pensait que je ne les avais jamais faites, pourtant je les avais bien faites, ces heures suppl\u00e9mentaires, et je ne les avais m\u00eame pas toutes compt\u00e9es, j&rsquo;avais arrondi \u00e0 300 mais j&rsquo;en avais fait tellement plus&#8230;<\/p>\n\n\n\n<p>Pour faire mon job le mieux possible, en plus d&rsquo;apprendre le code \u00e9lectoral, sa jurisprudence et d&rsquo;\u00e9tudier les sociologies locales \u00e0 tous les \u00e9chelons \u00e9lectoraux, j&rsquo;ai appris les statuts de ce parti presque par c\u0153ur, j&rsquo;en connaissais chacune des failles et tous les travers, je connaissais aussi quasiment tous les statuts des organisations politiques r\u00e9gionales qui avaient chacune leur propre fonctionnement, je savais ce qui fonctionnait bien, ce qui ne fonctionnait pas, et j&rsquo;\u00e9tais souvent contact\u00e9e par les membres pour r\u00e9pondre \u00e0 des questions juridiques soit sur le code \u00e9lectoral, soit sur l&rsquo;organisation de leur parti, de leurs instances ou des votes internes. C&rsquo;est d&rsquo;ailleurs souvent moi, sur la fin de mon contrat, qu&rsquo;on sollicitait pour superviser les votes que le parti pouvait \u00eatre amen\u00e9 \u00e0 organiser, quand ces votes n&rsquo;\u00e9taient pas supervis\u00e9s par un homme misogyne surpay\u00e9 qui s&rsquo;asseyait carr\u00e9ment sur mes connaissances des r\u00e8gles internes (et qui s&rsquo;asseyait aussi compl\u00e8tement sur les r\u00e8gles internes quand elles ne l&rsquo;arrangeaient pas).&nbsp;Par ailleurs, comme je savais \u00e9crire, il m&rsquo;arrivait parfois de r\u00e9diger des communiqu\u00e9s ou de pr\u00e9parer des dossiers de presse lorsque l&rsquo;attach\u00e9e de presse \u00e9tait absente, et quand je ne savais pas quoi faire de mon temps, une fois que j&rsquo;avais fini le travail qu&rsquo;on me demandait, je proposais mon aide sur la comptabilit\u00e9 ou aux standardistes que j&rsquo;ai souvent remplac\u00e9s, j&rsquo;ai m\u00eame fini par prendre en charge la gestion de la boite mail g\u00e9n\u00e9rique du parti qui avait \u00e9t\u00e9 laiss\u00e9e \u00e0 l&rsquo;abandon pendant des mois. C&rsquo;est aussi vers moi qu&rsquo;on venait quand on avait du mal \u00e0 faire fonctionner l&rsquo;imprimante ou quand il fallait d\u00e9panner un ordinateur&#8230; En gros, j&rsquo;\u00e9tais rapidement devenue tr\u00e8s utile pour tout le monde, je rendais service \u00e0 tout le monde, j&rsquo;\u00e9tais toujours dispos\u00e9e \u00e0 aider et \u00e7a me faisait toujours plaisir de rendre service, et \u00e7a c&rsquo;est un trait de caract\u00e8re qui a, malgr\u00e9 tout, surv\u00e9cu \u00e0 cette p\u00e9riode.<\/p>\n\n\n\n<p>Quand C\u00e9cile Duflot a \u00e9t\u00e9 nomm\u00e9e ministre, Pascal Durand est devenu secr\u00e9taire national par int\u00e9rim, il m&rsquo;a propos\u00e9 de devenir son assistante et de prendre en charge le suivi des relations avec les r\u00e9gions en plus de mon job sur les \u00e9lections. Vu que je connaissais bien les statuts, j&rsquo;ai g\u00e9r\u00e9 toute la partie statutaire du congr\u00e8s extraordinaire de Caen en 2013. Il faut savoir qu&rsquo;en p\u00e9riode de congr\u00e8s, les salari\u00e9s sont compl\u00e8tement livr\u00e9s \u00e0 eux-m\u00eames, la direction pr\u00e9c\u00e9dente est souvent d\u00e9missionnaire, et quand elle n&rsquo;est pas d\u00e9missionnaire elle est en pleine campagne pour assurer sa r\u00e9\u00e9lection donc pr\u00eate \u00e0 dire oui \u00e0 tout du moment que \u00e7a peut l&rsquo;aider \u00e0 gagner, et la direction suivante n&rsquo;ayant pas encore \u00e9t\u00e9 choisie, ce sont les salari\u00e9s qui se d\u00e9m\u00e8nent pour organiser tous les aspects d&rsquo;un congr\u00e8s. Et chez EELV, un congr\u00e8s c&rsquo;est des mois de pr\u00e9paration en amont pour s&rsquo;assurer que chacune des r\u00e8gles statutaires et r\u00e9glementaires soient respect\u00e9es, m\u00eame celles qui n&rsquo;existent pas. En 2013, Emmanuelle Cosse a succ\u00e9d\u00e9 \u00e0 Pascal Durand au poste de secr\u00e9taire nationale, et comme je n&rsquo;\u00e9tais pas vraiment proche d&rsquo;elle j&rsquo;ai d\u00fb laisser ma place d&rsquo;assistante de direction, je suis toutefois rest\u00e9e charg\u00e9e des \u00e9lections et des relations avec les r\u00e9gions.<\/p>\n\n\n\n<h2 class=\"wp-block-heading\">Le d\u00e9but de la fin<\/h2>\n\n\n\n<p>D\u00e9but 2014, alors que je participais \u00e0 une campagne municipale \u00e0 Pantin sur une liste men\u00e9e par une personne membre de ce parti, je d\u00e9cidais de ne plus adh\u00e9rer, d\u00e9gout\u00e9e par l&rsquo;attitude de la t\u00eate de liste, d\u00e9gout\u00e9e de d\u00e9couvrir que ce qu&rsquo;on m&rsquo;avait racont\u00e9 sur la gestion de certains groupes locaux des Verts s&rsquo;av\u00e9rait \u00eatre la v\u00e9rit\u00e9, que des petits barons locaux tenaient ce parti partout, et que les militants n&rsquo;avaient finalement aucun pouvoir et, apparemment, cela semblait convenir \u00e0 tout le monde puisque tout le monde laissait faire.<\/p>\n\n\n\n<p>En parall\u00e8le, la m\u00eame ann\u00e9e, EELV proposait \u00e0 ses salari\u00e9s un plan de formation professionnelle, je d\u00e9cidais de saisir l&rsquo;occasion pour entrer, en septembre 2014, en licence professionnelle de management associatif avec une sp\u00e9cialit\u00e9 \u00c9conomie Sociale et Solidaire (ESS). Mon objectif : Compl\u00e9ter mon cursus scolaire que j&rsquo;avais arr\u00eat\u00e9 au DUT de Gestion des Entreprises et des Administrations en 2010 (Bac+2) pour l&rsquo;amener au Bac+3 et ainsi acqu\u00e9rir des connaissances pour compl\u00e9ter ma formation en management des organisations, avec une sp\u00e9cialisation dans le domaine associatif, domaine dans lequel j&rsquo;\u00e9voluais alors et qui m&rsquo;int\u00e9ressait beaucoup. En juin 2015, je terminais ma formation avec la perspective et l&rsquo;ambition de pouvoir contribuer \u00e0 l&rsquo;organisation du si\u00e8ge national d&rsquo;EELV, notamment par la transformation des statuts et une meilleure prise en compte de l&rsquo;expertise des salari\u00e9s dans les diff\u00e9rents projets men\u00e9s, il n&rsquo;en fut rien.<\/p>\n\n\n\n<p>Alors que je suivais cette formation au cours de laquelle j&rsquo;apprenais les bases du fonctionnement horizontal des structures de l&rsquo;ESS, le parti qui m&#8217;employait voyait la plupart de ses cadres le quitter, un \u00e0 un. Les personnes qui m&rsquo;avaient embauch\u00e9e puis form\u00e9e \u00e0 d\u00e9velopper des strat\u00e9gies et \u00e0 mener des campagnes \u00e9lectorales partaient les unes apr\u00e8s les autres, me laissant seule avec mon nouveau dipl\u00f4me, mes nouvelles comp\u00e9tences, mes coll\u00e8gues, pour la plupart incomp\u00e9tents mais qui avaient pourtant quasiment tous d\u00e9clin\u00e9 la proposition de formation professionnelle formul\u00e9e par notre employeur commun, et cette direction, elle aussi parfaitement incomp\u00e9tente, qui partait en vrille.<\/p>\n\n\n\n<p>J&rsquo;avais d&rsquo;abord \u00e9t\u00e9 \u00e9cart\u00e9e de la campagne des europ\u00e9ennes en 2014 par le directeur de campagne, et ce alors que la t\u00eate de liste \u00e9tait mon ancien patron, alors que je pensais avoir sa confiance. Ensuite j&rsquo;ai \u00e9t\u00e9 \u00e9cart\u00e9e de la campagne des r\u00e9gionales de 2015 par le m\u00eame homme, une crapule misogyne qui avait d\u00e9j\u00e0 \u00e9t\u00e9 mis en cause pour son comportement par plusieurs femmes avant moi et qui voyait dor\u00e9navant en moi, celle qu&rsquo;il avait form\u00e9e depuis son arriv\u00e9e, une rivale capable de le pousser doucement vers la sortie \u00e0 cause de ses propres m\u00e9faits et malgr\u00e9 tous les cadavres qu&rsquo;il planquait dans son placard.<\/p>\n\n\n\n<p>Puis il y a eu l&rsquo;affaire Baupin. Mais c&rsquo;\u00e9tait la partie visible de l&rsquo;iceberg. Il y avait, et il y a encore aujourd&rsquo;hui sans le moindre doute, j&rsquo;en ai encore \u00e9t\u00e9 t\u00e9moin r\u00e9cemment, un monde sexiste qui \u00e9volue librement au sein de ce parti, comme dans tous les partis, sans que personne ne r\u00e9agisse. J&rsquo;avais lanc\u00e9 plusieurs alertes en interne, aupr\u00e8s de ma direction, sur le harc\u00e8lement moral, sexiste et sexuel dont nous \u00e9tions toutes victimes, toutes et aussi parfois, tous. On m&rsquo;a ri au nez, on m&rsquo;a dit que si j&rsquo;\u00e9tais emmerd\u00e9e par des hommes, c&rsquo;\u00e9tait \u00e0 cause de moi, parce que j&rsquo;\u00e9tais une femme, parce que j&rsquo;\u00e9tais jeune et jolie, parce que j&rsquo;avais trop de caract\u00e8re, on m&rsquo;a dit que je ne pouvais pas \u00eatre jolie et intelligente, que c&rsquo;\u00e9tait incompatible, on m&rsquo;a dit que je devais arr\u00eater de porter des v\u00eatements trop sexy, trop d\u00e9collet\u00e9s, trop courts, pour ne pas attirer les regards, que si je me faisais agresser c&rsquo;\u00e9tait enti\u00e8rement ma faute, et puis on m&rsquo;a dit aussi que je devrais arr\u00eater de me plaindre que des hommes se comportent mal avec des femmes dans ce parti parce que, selon une femme qui \u00e9tait tr\u00e8s haut plac\u00e9e dans ce parti, ces comportements \u00e9taient excusables, voire qu&rsquo;il n&rsquo;y avait pas besoin de les excuser puisque c&rsquo;\u00e9tait normal. Un homme qui se comporte ainsi avec les femmes c&rsquo;\u00e9tait tout \u00e0 fait commun, et selon eux, selon elles aussi et surtout, c&rsquo;\u00e9tait l\u00e0 le plus marquant et le plus \u00e9c\u0153urant, il fallait que je me fasse \u00e0 l&rsquo;id\u00e9e que ce serait comme \u00e7a toute ma vie, enfin jusqu&rsquo;\u00e0 ce que je fl\u00e9trisse \u00e9videmment, et que je n&rsquo;int\u00e9resse plus personne&#8230; On sait bien que beaucoup d&rsquo;hommes sont des connards dans le monde politique, et plus largement dans le monde tout court, mais l\u00e0, plut\u00f4t que de le d\u00e9noncer dans un parti qui semblait pr\u00f4ner l&rsquo;\u00e9galit\u00e9 entre les genres, un parti qui semblait ouvert aux plaintes et qui pr\u00f4nait les rappels \u00e0 l&rsquo;ordre, un parti qui semblait d\u00e9noncer politiquement ces comportements, et alors que j&rsquo;\u00e9tais salari\u00e9e, autrement dit sous la responsabilit\u00e9 et m\u00eame sous la coupe de mon employeur, il fallait que j&rsquo;apprenne \u00e0 vivre avec, il fallait que j&rsquo;accepte, que je ferme les yeux et que je continue de courber l&rsquo;\u00e9chine. Quand l&rsquo;affaire Baupin est sortie, j&rsquo;\u00e9tais d\u00e9j\u00e0 dans un placard, j&rsquo;ai entendu celles et ceux qui m&rsquo;avaient dit que je disais des conneries quand je leur avais parl\u00e9 des probl\u00e8mes de sexisme et de harc\u00e8lement quatre ann\u00e9es plus t\u00f4t clamer qu'\u00a0\u00bbon n&rsquo;en savait rien\u00a0\u00bb, que \u00ab\u00a0personne ne savait\u00a0\u00bb. J&rsquo;ai entendu des hommes et des femmes nier toute connaissance de la situation difficile des femmes dans leur parti alors que je leur avais mis le nez dedans \u00e0 plusieurs reprises. Et j&rsquo;\u00e9tais loin d&rsquo;\u00eatre la seule \u00e0 l&rsquo;avoir fait.<\/p>\n\n\n\n<p>C&rsquo;est peut-\u00eatre parce que je parlais trop, peut-\u00eatre parce que j&rsquo;en savais trop, peut-\u00eatre parce que je leur faisais peur que j&rsquo;avais \u00e9t\u00e9 mise au placard, mais ce qui est s\u00fbr c&rsquo;est que ce n&rsquo;\u00e9tait pas \u00e0 cause de mes grandes et belles id\u00e9es d&rsquo;organisation horizontale que je r\u00eavais de d\u00e9ployer un jour dans ce parti politique. D\u00e8s le moment o\u00f9 j&rsquo;ai fait part de mes proposition de fonctionnement horizontal, inspir\u00e9es de ce que je savais de l&rsquo;\u00e9conomie sociale et solidaire, \u00e0 certains sp\u00e9cialistes des statuts d&rsquo;EELV, ils m&rsquo;ont ri au nez (encore), se moquant ouvertement de mes propositions, me disant que \u00e7a n&rsquo;avait aucun sens de donner \u00e0 tous les membres d&rsquo;un parti politique une voix au chapitre, de leur permettre de participer \u00e0 la prise de d\u00e9cision au m\u00eame titre et avec le m\u00eame pouvoir que les cadres, de mani\u00e8re horizontale, avec l&rsquo;aide d&rsquo;outils num\u00e9riques parfaitement calibr\u00e9s pour l&rsquo;occasion. On m&rsquo;a dit que j&rsquo;\u00e9tais folle (sic), que j&rsquo;\u00e9tais na\u00efve, que j&rsquo;\u00e9tais stupide, que jamais une organisation politique ne pourrait fonctionner si, du jour au lendemain, on permettait \u00e0 tout le monde de participer \u00e0 la prise de d\u00e9cision, qu&rsquo;il faut savoir raison garder et que ces id\u00e9es de fonctionnement partisan horizontal, sans chef, sans cadre ni base militante, o\u00f9 tout le monde aurait le m\u00eame poids et la m\u00eame voix, ces id\u00e9es l\u00e0 n&rsquo;avaient aucun avenir.<\/p>\n\n\n\n<p>La mise au placard et ces r\u00e9ponses n\u00e9gatives et m\u00e9prisantes qu&rsquo;on me donnait \u00e0 chaque fois que je faisais une proposition m&rsquo;avaient rendue acerbe, hargneuse et acari\u00e2tre. Je ne me reconnaissais plus. J&rsquo;\u00e9tais d\u00e9prim\u00e9e, fataliste, passive&#8230; Je n&rsquo;osais m\u00eame plus rien proposer, mes remarques \u00e9taient d\u00e9sobligeantes, je critiquais tout, rien n&rsquo;allait et j&rsquo;ai fini par me persuader que quoi que je dise rien ne changerait. Au bout d&rsquo;un moment, j&rsquo;\u00e9tais m\u00eame devenue agressive. J&rsquo;ai fini par p\u00e9ter un c\u00e2ble pour de bon quand une goutte d&rsquo;eau a fait d\u00e9border le vase de ma patience et que j&rsquo;ai hurl\u00e9 sur l&rsquo;un des membres de ma direction. Le jour m\u00eame, mon m\u00e9decin m&rsquo;a mise en arr\u00eat de travail pour trois mois.<\/p>\n\n\n\n<p>C&rsquo;\u00e9tait en 2016.<\/p>\n\n\n\n<p>C&rsquo;est dr\u00f4le, parce que maintenant que j&rsquo;y repense, ces gens qui m&rsquo;ont dit que mes id\u00e9es d&rsquo;organisation horizontale n&rsquo;avaient aucun avenir tenaient peu ou prou le m\u00eame discours que les gens qui m&rsquo;avaient assur\u00e9 qu&rsquo;il fallait faire avec les violences sexistes en politique.<\/p>\n\n\n\n<p>Aujourd&rsquo;hui j&rsquo;ai envie de leur r\u00e9pondre tout simplement \u00ab\u00a0ok boomers\u00a0\u00bb.<\/p>\n\n\n\n<p>Je suis revenue quelques mois travailler, notamment pour organiser un congr\u00e8s, pensant que j&rsquo;y arriverai malgr\u00e9 mon manque de motivation \u00e9vident. Je n&rsquo;ai pas tenu. Le vase de ma patience n&rsquo;\u00e9tait pas vid\u00e9, il s&rsquo;est vite rempli \u00e0 nouveau. Au bout d&rsquo;un moment, le congr\u00e8s pass\u00e9, \u00e0 force d&rsquo;\u00eatre m\u00e9pris\u00e9e par la direction nouvellement \u00e9lue, agress\u00e9e par des militants que personne ne semblait vouloir recadrer, \u00e0 bout de nerfs, fatigu\u00e9e, et alors que je voyais la porte du placard dont j&rsquo;\u00e9tais temporairement sortie se refermer doucement sur moi, j&rsquo;ai l\u00e2ch\u00e9 l&rsquo;affaire.<\/p>\n\n\n\n<p><strong>La fin d&rsquo;un calvaire et le d\u00e9but d&rsquo;une nouvelle aventure<\/strong><\/p>\n\n\n\n<p>En janvier 2017, je quittais ce travail. Apr\u00e8s avoir balanc\u00e9 \u00e0 mon nouveau r\u00e9f\u00e9rent politique ce que je pensais de son absence totale de consid\u00e9ration pour les heures de travail que j&rsquo;avais fournies pour faire un travail qu&rsquo;il avait finalement choisi de b\u00e2cler tout seul dans son coin (et franchement, avec tout le recul que j&rsquo;ai aujourd&rsquo;hui, je peux vous affirmer que ce qu&rsquo;il avait fait \u00e9tait vraiment \u00e0 chier), je demandais une rupture conventionnelle du contrat \u00e0 dur\u00e9e ind\u00e9termin\u00e9e qui me liait depuis un peu moins de 7 ans au si\u00e8ge national d&rsquo;Europe Ecologie-Les Verts. Je quittais ce travail sans aucune perspective professionnelle \u00e0 la cl\u00e9, j&rsquo;avais juste besoin de partir, envie de prendre le large, et ras-le-bol de brasser du vent dans un parti politique auquel j&rsquo;avais tout donn\u00e9 sans rien attendre en retour mais qui ne m&rsquo;avait rien donn\u00e9 d&rsquo;autre que du m\u00e9pris et un joli petit placard dans lequel j&rsquo;avais \u00e9t\u00e9 enferm\u00e9e pendant deux longues ann\u00e9es et dans lequel je savais que je risquais \u00e0 nouveau de me retrouver si je restais.<\/p>\n\n\n\n<p>Le 5 avril 2017, j&rsquo;\u00e9tais au ch\u00f4mage depuis deux mois et sans aucune perspective professionnelle mais avec des tas d&rsquo;id\u00e9es dans la t\u00eate et terriblement motiv\u00e9e \u00e0 en d\u00e9coudre avec ceux qui ne croyaient pas qu&rsquo;on pouvait faire de la politique vraiment autrement.<\/p>\n\n\n\n<p>Yannick Jadot, qui \u00e9tait en 2017 le candidat pour lequel j&rsquo;envisageais de voter \u00e0 la pr\u00e9sidentielle, s&rsquo;\u00e9tait d\u00e9sist\u00e9 au profit de Benoit Hamon pour qui j&rsquo;allais voter sans grande conviction. &nbsp;Aux l\u00e9gislatives, je n&rsquo;avais pas la moindre envie de voter pour la candidate EELV de ma circonscription, d&rsquo;autant moins que c&rsquo;\u00e9tait la m\u00eame personne qui avait men\u00e9 la campagne des municipales \u00e0 laquelle j&rsquo;avais particip\u00e9 et qui m&rsquo;avait pouss\u00e9e vers la sortie de son parti en 2014.<\/p>\n\n\n\n<p>Apr\u00e8s avoir pass\u00e9 pr\u00e8s de 7 ans \u00e0 travailler pour EELV, je m&rsquo;ennuyais ferme au ch\u00f4mage tout d&rsquo;un coup, sans parti politique, sans cause \u00e0 d\u00e9fendre, sans projet politique ou partisan \u00e0 mener. Mon r\u00e9seau entier avait \u00e9t\u00e9 construit autour de la politique, toutes les personnes que je connaissais \u00e9taient en train de mener leur campagne et moi, alors que j&rsquo;ai appris \u00e0 mener des campagnes, alors que j&rsquo;ai fait \u00e7a pendant des ann\u00e9es, j&rsquo;allais attendre et observer tout \u00e7a sans rien faire depuis mon salon ? Et alors que je voyais deux camps dont j&rsquo;\u00e9tais tr\u00e8s \u00e9loign\u00e9e politiquement prendre d&rsquo;assaut ces \u00e9lections, est-ce que j&rsquo;allais voter blanc au premier tour des l\u00e9gislatives ?<\/p>\n\n\n\n<p>C&rsquo;est l\u00e0 que je suis tomb\u00e9e sur un tweet du Parti Pirate, que je suivais depuis plusieurs ann\u00e9es, qui cherchait des candidatures pour participer aux l\u00e9gislatives.<\/p>\n\n\n\n<p>Le 5 avril 2017, apr\u00e8s deux minutes de r\u00e9flexion profonde, j&rsquo;adh\u00e9rais au Parti Pirate.<\/p>\n\n\n\n<p>La semaine qui suivait, je d\u00e9posais ma candidature pour les l\u00e9gislatives \u00e0 Pantin-Aubervilliers aupr\u00e8s du Parti Pirate, candidature qui fut accept\u00e9e quasiment aussit\u00f4t par les membres du parti.<\/p>\n\n\n\n<p>En mai et juin 2017, avec deux amis, je menais ma petite campagne aux l\u00e9gislatives avec l&rsquo;objectif d&rsquo;atteindre 1% dans ma circonscription. Si 50 candidatures Pirates obtenaient 1% des voix dans leur circonscription, alors notre parti politique obtiendrait le financement public, c&rsquo;est le cas de plusieurs partis politiques aujourd&rsquo;hui, cela leur permet d&rsquo;exister, de financer un grand nombre de d\u00e9penses quotidiennes que nous financions au Parti Pirate exclusivement gr\u00e2ce aux dons de nos soutiens. Le financement public est une somme d&rsquo;argent plut\u00f4t cons\u00e9quente issue d&rsquo;une enveloppe que plusieurs partis se partagent. Elle est calcul\u00e9e en fonction du nombre de voix obtenues d\u00e8s lors qu&rsquo;aux l\u00e9gislatives, seule \u00e9lection concern\u00e9e par ce syst\u00e8me, 50 candidatures d&rsquo;un m\u00eame parti obtiennent plus de 1% des voix exprim\u00e9es. Cette somme est alors revers\u00e9e tous les ans pendant les cinq ann\u00e9es que dure la mandature d&rsquo;un d\u00e9put\u00e9, et ce m\u00eame si le parti en question n&rsquo;a aucun d\u00e9put\u00e9. Cette manne financi\u00e8re atteinte, le Parti Pirate serait \u00e0 l&rsquo;abri du besoin pour cinq ans et pourrait alors concentrer ses efforts sur la promotion de ses id\u00e9es, sur la cr\u00e9ation de documents informatifs et \u00e9ducatifs plut\u00f4t que sur la recherche de fonds pour financer ses rares campagnes \u00e9lectorales. Alors pour aider mon nouveau parti \u00e0 mon humble niveau \u00e0 obtenir 1% des voix dans autant d&rsquo;endroits que possible, je partageais avec les Pirates mes documents de campagne et tout ce que je savais sur les \u00e9lections, comment faire campagne, comment g\u00e9rer les documents officiels, comment organiser des rencontres&#8230; Toutes mes connaissances aquises chez EELV sur les \u00e9lections et la mani\u00e8re de mener une campagne \u00e9lectorale, c&rsquo;\u00e9tait de l&rsquo;or pour eux qui ne connaissaient que tr\u00e8s partiellement le code \u00e9lectoral. De mon c\u00f4t\u00e9, j&rsquo;ai atteint l&rsquo;objectif de 1% des voix, mais ce ne fut pas forc\u00e9ment le cas pour toutes les autres circonscriptions dans lesquelles nous aurions d\u00fb y parvenir. Nous n&rsquo;\u00e9tions pas pr\u00eats, pas suffisamment bien organis\u00e9s, on ne m\u00e8ne pas une telle campagne avec un tel objectif en si peu de temps. Notre parti n&rsquo;a donc pas obtenu le financement public en 2017.<\/p>\n\n\n\n<p>Qu&rsquo;\u00e0 cela ne tienne, en 2022 nous serions pr\u00eats et d&rsquo;ici l\u00e0, je l&rsquo;avais bien compris, on avait du travail.<\/p>\n\n\n\n<h2 class=\"wp-block-heading\">R\u00e9former pour fonder un nouveau Parti Pirate<\/h2>\n\n\n\n<p>En juillet 2017, nous avons lanc\u00e9 une r\u00e9forme statutaire au sein du Parti Pirate.<\/p>\n\n\n\n<p>Cela ne s&rsquo;est pas fait dans la douceur, il y a eu des \u00e9changes parfois houleux, des d\u00e9bats parfois tendus, certains membres refusaient cat\u00e9goriquement de changer de mod\u00e8le, attach\u00e9s au travail qu&rsquo;ils avaient d\u00e9j\u00e0 fait sur l&rsquo;organisation existante, consid\u00e9rant qu&rsquo;elle \u00e9tait suffisante, ou consid\u00e9rant que changer le mod\u00e8le ne changerait pas les gens ni les probl\u00e8mes rencontr\u00e9s en interne. Ils n&rsquo;avaient pas tout \u00e0 fait tort, mais ils n&rsquo;avaient pas non plus compl\u00e8tement raison. Je n&rsquo;\u00e9tais membre du Parti Pirate que depuis quatre mois quand nous avons commenc\u00e9 ces travaux mais j&rsquo;avais h\u00e2te de participer, de proposer mes id\u00e9es aux autres, de lire les id\u00e9es des autres, et j&rsquo;avais r\u00e9ussi \u00e0 remotiver certains membres parmi les plus actifs pour aller dans le sens que je croyais \u00eatre le bon. Je dois bien avouer que si j&rsquo;\u00e9tais compl\u00e8tement s\u00e9duite par les id\u00e9es port\u00e9e par le Parti Pirate, j&rsquo;ai \u00e9prouv\u00e9 une profonde d\u00e9ception en d\u00e9couvrant le contenu des statuts existants, je me disais que j&rsquo;\u00e9tais encore une fois arriv\u00e9e dans une organisation qui n&rsquo;avait pas grand chose de d\u00e9mocratique, mais j&rsquo;ai \u00e9t\u00e9 assez rapidement rassur\u00e9e par les membres qui la composaient quand j&rsquo;ai d\u00e9couvert qu&rsquo;une r\u00e9forme statutaire \u00e9tait pr\u00e9vue et que j&rsquo;\u00e9tais bien entendu invit\u00e9e \u00e0 y proposer mes id\u00e9es.<\/p>\n\n\n\n<p>En septembre 2017, je me pr\u00e9sentais pour devenir coordinatrice de la section \u00cele-de-France du Parti Pirate avec un seul objectif : D\u00e9truire la coordination nationale dont je serai alors membre une fois \u00e9lue. La coordination nationale rassemblait les coordinateurs des diff\u00e9rentes sections locales encore debout, mais il n&rsquo;y avait plus beaucoup de ces sections actives lorsque j&rsquo;ai \u00e9t\u00e9 \u00e9lue, la plupart avait d\u00e9sert\u00e9 la coordination nationale laissant des membres isol\u00e9s sans repr\u00e9sentation. Le Parti Pirate \u00e9tait en train de subir le contre coup de sa d\u00e9faite aux l\u00e9gislatives et avec elle une fuite des adh\u00e9rents qui ne fut colmat\u00e9e qu&rsquo;en septembre 2018. J&rsquo;ai \u00e9t\u00e9 \u00e9lue coordinatrice de la section \u00cele-de-France en septembre 2017. Et en mars 2018, apr\u00e8s plusieurs mois de travail acharn\u00e9 avec celui qui \u00e9tait (et qui est encore aujourd&rsquo;hui \u00e0 mes yeux) LE juriste du Parti Pirate, nous proposions au vote de l&rsquo;Assembl\u00e9e g\u00e9n\u00e9rale du Parti Pirate une nouvelle version de statuts proposant une organisation horizontale, la suppression de tout r\u00f4le de pr\u00e9sidence ou de direction nationale, la suppression de la distinction national\/local, une organisation non hi\u00e9rarchique dans laquelle, d\u00e8s l&rsquo;adh\u00e9sion, n&rsquo;importe quel membre aurait autant de poids que n&rsquo;importe quel autre membre, quel que soit son origine ou son niveau d&rsquo;engagement, une organisation sur laquelle je travaillais toute seule dans mon coin depuis la fin de mon ann\u00e9e de licence profesionnelle, en 2015, qu&rsquo;EELV avait cat\u00e9goriquement refus\u00e9 de prendre en consid\u00e9ration dans ses r\u00e9flexions statutaires, mais qui a enfin pris concr\u00e8tement forme. Nous avions choisi de d\u00e9ployer un syst\u00e8me en Assembl\u00e9e permanente, aussi, si nous adoptions ces nouveaux statuts, notre Assembl\u00e9e g\u00e9n\u00e9rale de mars 2018 serait la derni\u00e8re, et apr\u00e8s cela chaque membre de notre parti politique serait libre de proposer aux autres membres, tous les mois, sous r\u00e9serve d&rsquo;avoir le soutien de deux autres membres, une proposition de point de programme, de strat\u00e9gie ou n&rsquo;importe quelle d\u00e9cision qui, si elle \u00e9tait prise, engagerait toute notre organisation, avec un syst\u00e8me de d\u00e9mocratie d\u00e9l\u00e9gative, ce qui signifie que chaque membre peut voter ou d\u00e9l\u00e9guer ses voix \u00e0 une ou plusieurs personnes sur une ou plusieurs th\u00e9matiques, et \u00e0 tout moment choisir de reprendre ses voix pour voter en son nom. Il n&rsquo;y aurait donc plus aucun repr\u00e9sentant, plus personne qui prendrait arbitrairement des d\u00e9cisions pour tous les autres, toutes les d\u00e9cisions seraient prises par tout le monde, ou par des gens \u00e0 qui on aurait d\u00e9cid\u00e9 de d\u00e9l\u00e9guer notre voix aussi longtemps qu&rsquo;on le souhaiterait, avec une fluidit\u00e9 r\u00e9elle, sans aucun mandat.<\/p>\n\n\n\n<p>En mars 2018, ce nouveau fonctionnement a \u00e9t\u00e9 tr\u00e8s largement adopt\u00e9 lors de ce qui fut alors notre toute derni\u00e8re Assembl\u00e9e g\u00e9n\u00e9rale. Et une fois nos nouveaux statuts adopt\u00e9s, j&rsquo;ai \u00e9t\u00e9 \u00e9lue au jugement majoritaire, avec d&rsquo;autres membres parmi les plus actifs, au Conseil transitoire pour assurer la transition entre notre ancienne organisation et la nouvelle jusqu&rsquo;en septembre 2018, lorsque je me suis pr\u00e9sent\u00e9e pour rejoindre l&rsquo;un des cinq nouveaux Conseils charg\u00e9s d&rsquo;ex\u00e9cuter toutes les d\u00e9cisions voulues par les membres. Toutes les personnes \u00e9lues au Parti Pirate le sont par un jugement majoritaire, et le r\u00f4le de ces personnes n&rsquo;est pas de repr\u00e9senter les autres mais bien d&rsquo;ex\u00e9cuter les d\u00e9cisions, et de conseillers ou orienter les membres lorsqu&rsquo;ils ont des interrogations. C&rsquo;est ainsi que je suis devenue membre du Conseil des Relations Publiques et Porte-Parole nationale du Parti Pirate fran\u00e7ais pour une premi\u00e8re ann\u00e9e, puis r\u00e9\u00e9lue en 2019 pour deux ans, et r\u00e9\u00e9lue en 2021 pour deux ans de plus.<\/p>\n\n\n\n<h2 class=\"wp-block-heading\">Retrouver un travail<\/h2>\n\n\n\n<p>\u00c0 l&rsquo;\u00e9t\u00e9 2018, une fois les travaux statutaires termin\u00e9s, alors que j&rsquo;avais eu deux exp\u00e9riences professionnelles non concluantes en tant que, d&rsquo;une part conseill\u00e8re P\u00f4le emploi (deux semaines terriblement longues et fastidieuses), et d&rsquo;autre part responsable administrative et financi\u00e8re d&rsquo;une SCIC dirig\u00e9e par un ancien militant des Verts technophobe assum\u00e9 (3 mois au bout desquels eux comme moi n&rsquo;avaient aucune envie de poursuivre), je rejoignais, sur la demande d&rsquo;un coll\u00e8gue militant de longue date anciennement membre, comme je l&rsquo;ai \u00e9t\u00e9, des Jeunes Verts, le cabinet de Danielle Dambach, maire de Schiltigheim nouvellement \u00e9lue suite \u00e0 une \u00e9lection municipale partielle lors de laquelle son opposition s&rsquo;est politiquement entretu\u00e9e. J&rsquo;\u00e9tais tr\u00e8s heureuse d&rsquo;entamer une nouvelle aventure dans une nouvelle ville, donc apr\u00e8s une semaine de r\u00e9flexion \u00e0 peser les pour et les contre (il \u00e9tait quand m\u00eame question de d\u00e9m\u00e9nager -donc de quitter un appartement superbement bien situ\u00e9 avec un loyer tout \u00e0 fait raisonnable pour la banlieue dans laquelle je m&rsquo;\u00e9tais install\u00e9e- pour un CDD avec une pr\u00e9carit\u00e9 \u00e9norme), j&rsquo;ai d\u00e9cid\u00e9 de quitter Pantin pour Strasbourg o\u00f9 j&rsquo;ai pos\u00e9 mes valises avec l&rsquo;envie de rester aussi longtemps que possible. J&rsquo;\u00e9tais fi\u00e8re qu&rsquo;on me donne enfin ma chance dans un travail de cheffe de cabinet au service d&rsquo;une \u00e9lue \u00e9cologiste, d&rsquo;une majorit\u00e9 plurielle (PS\/PC\/EELV), men\u00e9e principalement par des femmes brillantes, et ce malgr\u00e9 mon engagement dans un parti qui n&rsquo;y \u00e9tait pas repr\u00e9sent\u00e9, j&rsquo;\u00e9tais heureuse qu&rsquo;on me fasse enfin confiance pour occuper un poste \u00e0 responsabilit\u00e9s, c&rsquo;\u00e9tait quelque chose qui ne m&rsquo;\u00e9tait plus arriv\u00e9 depuis des ann\u00e9es. Et l\u00e0 encore, contrairement aux rumeurs dont j&rsquo;ai eu connaissance \u00e0 mon sujet au cours de ce contrat, je n&rsquo;ai couch\u00e9 avec personne pour obtenir ce travail, je l&rsquo;ai obtenu parce que j&rsquo;avais une r\u00e9putation de rigueur et de s\u00e9rieux qui me pr\u00e9c\u00e9dait et qu&rsquo;on a estimait encore une fois que j&rsquo;\u00e9tais suffisamment comp\u00e9tente pour le poste.<\/p>\n\n\n\n<p>Cela n&rsquo;a pas \u00e9t\u00e9 toujours facile \u00e0 Schiltigheim, mais je crois que le plus difficile \u00e9tait cette ambiance misogyne moribonde entretenue notamment par un de mes \u00e9lus de r\u00e9f\u00e9rence qui n&rsquo;a eu de cesse de me mettre en concurrence avec toutes les autres femmes de la mairie, de sous-entendre que j&rsquo;en \u00e9tais jalouse d\u00e8s que l&rsquo;occasion se pr\u00e9sentait, de me couper la parole lorsque je r\u00e9pondais \u00e0 ses questions&#8230; Lorsque j&rsquo;ai fait part de la situation \u00e0 la maire, elle m&rsquo;a r\u00e9pondu qu&rsquo;elle ne pouvait se s\u00e9parer d&rsquo;un \u00e9lu (alors que je lui demandais simplement de le recadrer) mais qu&rsquo;elle pouvait se s\u00e9parer de moi plus facilement. J&rsquo;entendais aussi tr\u00e8s souvent des bruits de couloir disant que certaines \u00e9lues bavaient dans mon dos pour m&rsquo;\u00e9vincer, notamment en pr\u00e9textant que je ne pouvais pas \u00eatre une bonne cheffe de cabinet si je n&rsquo;\u00e9tais pas de leur parti politique, que je ne pouvais pas bien faire mon travail tout en menant des campagnes politiques pour un autre parti, que mon appartenance au Parti Pirate posait probl\u00e8me&#8230; Encore une fois, des femmes qui j&rsquo;admirais me tiraient dans le dos. La sororit\u00e9 affich\u00e9e par certaines d&rsquo;entre elles semblait avoir des limites. En parrall\u00e8le, je nouais une relation professionnelle de confiance avec des salari\u00e9es particuli\u00e8rement comp\u00e9tentes mais largement sous-estim\u00e9es par leurs coll\u00e8gues masculins, ainsi qu&rsquo;avec quelques uns des plus anciens \u00e9lus. Au fil des mois, je parvenais tant bien que mal \u00e0 trouver un \u00e9quilibre professionnel dans cette ambiance qui m&rsquo;\u00e9tait \u00e9trangement famili\u00e8re.<\/p>\n\n\n\n<h2 class=\"wp-block-heading\">Et je suis repartie en campagne&#8230;<\/h2>\n\n\n\n<p>En mai 2019, j&rsquo;ai \u00e9t\u00e9 d\u00e9sign\u00e9e t\u00eate de liste pour le Parti Pirate aux \u00e9lections europ\u00e9ennes, j&rsquo;ai pris des cong\u00e9s pour mener la campagne loin de la mairie, pour ne pas impacter mon travail. Depuis mon arriv\u00e9e en poste, je n&rsquo;avais pris aucun cong\u00e9s, soit pendant 10 mois, car je savais bien que je devrais partir quelques semaines pour participer \u00e0 cette campagne, j&rsquo;ignorais cependant que je devrais la mener. \u00c0 mon retour de cong\u00e9s, le lendemain de la fin de la campagne (trop t\u00f4t, j&rsquo;aurais d\u00fb prendre quelques jours de plus, j&rsquo;en suis consciente aujourd&rsquo;hui), j&rsquo;\u00e9tais ext\u00e9nu\u00e9e \u00e0 tel point qu&rsquo;\u00e0 la fin de mes journ\u00e9es de travail je m&rsquo;effondrais en larmes \u00e0 peine rentr\u00e9e chez moi. Oui, la fatigue me fait pleurer. Mais, un soir de cette premi\u00e8re semaine de travail post-campagne, je n&rsquo;ai pas r\u00e9ussi \u00e0 retenir mes larmes lorsque j&rsquo;ai demand\u00e9 \u00e0 ma patronne de me laisser rentrer chez moi alors qu&rsquo;elle voulait que je reste pour un diner de travail, j&rsquo;\u00e9tais bien trop \u00e9puis\u00e9e&#8230;<\/p>\n\n\n\n<p>\u00c0 l&rsquo;\u00e9t\u00e9 2019, alors que je subissais de plus en plus mon r\u00f4le dans cette sale ambiance et que je supportais de moins en moins les comportements misogynes de ces gens qui ne se rendaient m\u00eame plus compte du poids de leurs actes sur mon moral, la maire m&rsquo;a annonc\u00e9 qu&rsquo;elle pr\u00e9f\u00e9rait se passer de mes services. Je d\u00e9couvrais quelques jours plus tard que, avant m\u00eame qu&rsquo;on m&rsquo;annonce qu&rsquo;on se s\u00e9parait de moi, j&rsquo;avais d\u00e9j\u00e0 \u00e9t\u00e9 remplac\u00e9e par&#8230; un homme.<\/p>\n\n\n\n<p>Quelques mois plus tard, on m&rsquo;a propos\u00e9 de mener une campagne municipale pour un \u00e9cologiste dans une ville ingagnable. Sur les conseils de quelques amis, alors que j&rsquo;\u00e9tais plut\u00f4t r\u00e9ticente, j&rsquo;ai accept\u00e9 le challenge. Je ne m&rsquo;\u00e9tendrais pas trop sur ce qui fut pour moi la plus lamentable exp\u00e9rience professionnelle de toutes les exp\u00e9riences professionnelles que j&rsquo;ai v\u00e9cues jusqu&rsquo;\u00e0 pr\u00e9sent, et pourtant le niveau de nullit\u00e9 avait \u00e9t\u00e9 mis tr\u00e8s haut par mes exp\u00e9riences pr\u00e9c\u00e9dentes. Si la maire de Schiltigheim avait, semble-t-il, perdu le peu de confiance en moi qu&rsquo;elle ait pas avoir un jour (mais je ne crois pas vraiment qu&rsquo;elle en ait eu, et comment pourrais-je le lui reprocher, elle ne me connaissait pas quand je suis arriv\u00e9e et n&rsquo;a jamais vraiment eu le temps d&rsquo;apprendre \u00e0 me connaitre pendant l&rsquo;ann\u00e9e que j&rsquo;ai pass\u00e9e \u00e0 son service), ce candidat \u00e9cologiste a quant \u00e0 lui jamais eu ne serait-ce qu&rsquo;une once de confiance en moi, du d\u00e9but de notre collaboration jusqu&rsquo;\u00e0 la fin, laborieuse, de sa campagne, qu&rsquo;il a bien \u00e9videmment perdue.<\/p>\n\n\n\n<h2 class=\"wp-block-heading\">La fin d&rsquo;une \u00e9poque<\/h2>\n\n\n\n<p>En mars 2020, \u00e0 la fin de cette d\u00e9sastreuse campagne qui s&rsquo;est achev\u00e9e d\u00e8s le premier tour, alors que la pand\u00e9mie \u00e9tait d\u00e9clar\u00e9e, je me retrouvais donc de nouveau sans emploi, mais cette fois-ci, j&rsquo;\u00e9tais \u00e9galement sans logement, contrainte de retourner vivre chez mes parents.<\/p>\n\n\n\n<p>Apr\u00e8s \u00e7a, j&rsquo;ai pris mes distances avec la sph\u00e8re \u00e9cologiste, malgr\u00e9 le fait que je n&rsquo;avais pas d&#8217;emploi et malgr\u00e9 la pr\u00e9carit\u00e9 dans laquelle je commen\u00e7ais \u00e0 m&rsquo;enfoncer, j&rsquo;ai refus\u00e9 toutes les offres d&#8217;emploi qui se pr\u00e9sentaient \u00e0 moi de leur part et qui pouvaient me rapprocher de pr\u00e8s ou de loin de leur univers. Je ne postulais \u00e0 rien, et j&rsquo;avais cette impression que l&rsquo;int\u00e9gralit\u00e9 de ce r\u00e9seau professionnel que j&rsquo;avais construit \u00e9tait toxique et ne m&rsquo;apporterait plus rien de bon. J&rsquo;avais aussi l&rsquo;impression que toutes les missions que j&rsquo;avais men\u00e9es jusqu&rsquo;ici, toute ma carri\u00e8re \u00e9tait bonne \u00e0 jeter \u00e0 la poubelle, que personne ne voudrait de moi ni des mes exp\u00e9riences foireuses dans le monde impitoyable de la politique. \u00c0 force de faire constamment face au manque de confiance de mes employeurs, \u00e0 leur m\u00e9pris et \u00e0 des comportements toxiques r\u00e9currents, j&rsquo;ai fini par perdre toute confiance en moi et \u00e0 m&rsquo;enfoncer dans une forme de fatalit\u00e9. J&rsquo;\u00e9tais pr\u00eate \u00e0 tout recommencer, tout reprendre \u00e0 z\u00e9ro, je me disais que j&rsquo;allais reprendre mes \u00e9tudes et faire des petits boulots pour les financer pour, un jour peut-\u00eatre, dans un avenir le plus proche possible, retrouver mon ind\u00e9pendance financi\u00e8re, mais pour reprendre ses \u00e9tudes il fallait beaucoup de motivation, et de la motivation \u00e0 ce moment l\u00e0 je n&rsquo;en avais plus vraiment. Mais je n&rsquo;\u00e9tais pas compl\u00e8tement abattue. Un jour, alors que je r\u00e9fl\u00e9chissais \u00e0 la potentielle validation des acquis de l&rsquo;exp\u00e9rience que je pourrais faire, j&rsquo;ai pris tout ce que je savais et j&rsquo;ai commenc\u00e9 \u00e0 tout poser sur des notes, qui se sont ensuite transform\u00e9s en articles que j&rsquo;ai commenc\u00e9 \u00e0 publier sur un blog. Et \u00e0 c\u00f4t\u00e9 de cela, j&rsquo;ai recommenc\u00e9 \u00e0 lire et analyser des statuts, mais cette fois-ci j&rsquo;allais partager mes analyses en direct sur Twitch. J&rsquo;ai \u00e9t\u00e9 tr\u00e8s agr\u00e9ablement surprise de rencontrer un petit public avec ces heures de lectures, j&rsquo;ai commenc\u00e9 \u00e0 construire une petite communaut\u00e9 autour de cette \u00e9trange passion, mais dans mon \u00e9lan, j&rsquo;ai rapidement \u00e9t\u00e9 ralentie par un \u00e9v\u00e9nement qui a boulevers\u00e9 mon petit univers.<\/p>\n\n\n\n<h2 class=\"wp-block-heading\">\u00ab\u00a0Mais non, tu n&rsquo;es pas bonne \u00e0 rien&#8230;\u00a0\u00bb<\/h2>\n\n\n\n<p>En juin 2021, \u00e0 la surprise g\u00e9n\u00e9rale, gr\u00e2ce \u00e0 l&rsquo;aide et au soutien d&rsquo;un ami Pirate (le seul que \u00e7a n&rsquo;a pas surpris d&rsquo;ailleurs), je d\u00e9crochais un emploi de consultante technique et fonctionnel en CDI \u00e0 temps plein dans une entreprise priv\u00e9e qui n&rsquo;a toujours aucun lien, ni de pr\u00e8s ni de loin, avec le monde politique partisan toxique dont j&rsquo;ai difficilement r\u00e9ussi \u00e0 m&rsquo;extraire. Si le logiciel sur lequel je travaille pourrait rendre d&rsquo;\u00e9normes services \u00e0 certains de mes anciens employeurs pour un co\u00fbt cent \u00e0 mille fois moindre que ce qu&rsquo;ils d\u00e9boursent aujourd&rsquo;hui, et pour un r\u00e9sultat tellement plus satisfaisant, et si j&rsquo;ai rapidement tent\u00e9 d&rsquo;en proposer l&rsquo;usage \u00e0 certaines personnes que j&rsquo;estime \u00e9norm\u00e9ment et qui m&rsquo;ont toujours soutenue et tellement apport\u00e9 dans ma carri\u00e8re, je ne tiens pas particuli\u00e8rement aujourd&rsquo;hui \u00e0 travailler \u00e0 nouveau avec la plupart d&rsquo;entre eux pour les multiples raisons exprim\u00e9es ci-dessus, et parce que j&rsquo;ai bien peur qu&rsquo;ils n&rsquo;aient pas beaucoup chang\u00e9 depuis ma derni\u00e8re exp\u00e9rience \u00e0 leur contact.<\/p>\n\n\n\n<p>En juin 2021 donc, apr\u00e8s cette embauche loin de ce que j&rsquo;avais toujours connu dans le cadre professionnel, j&rsquo;ai commenc\u00e9 un long travail de reconstruction. J&rsquo;avais un comportement autodestructeur li\u00e9 sans doute en partie \u00e0 ces nombreuses maltraitance professionnelles. Je fumais beaucoup, trop : j&rsquo;ai arr\u00eat\u00e9 du jour au lendemain. J&rsquo;\u00e9tais toujours en conflit avec ma hi\u00e9rarchie, surtout parce que j&rsquo;ai souvent \u00e9t\u00e9 sous la responsabilit\u00e9 d&rsquo;incomp\u00e9tents notoires, notamment au si\u00e8ge national d&rsquo;EELV, o\u00f9 personne n&rsquo;a su me prot\u00e9ger de toutes les violences morales subies quotidiennement. J&rsquo;ai d\u00e9velopp\u00e9 une carapace tellement \u00e9norme \u00e0 force de ne pas \u00eatre entendue que j&rsquo;en \u00e9tais arriv\u00e9e \u00e0 ne plus voir quand quelqu&rsquo;un m&rsquo;\u00e9coutait. J&rsquo;ai mis du temps, et je mets encore du temps, \u00e0 reprendre confiance en moi. Toutes ces personnes qui m&rsquo;ont m\u00e9pris\u00e9es pendant toute ma carri\u00e8re et malgr\u00e9 tout ce que je donnais, m&rsquo;ont bris\u00e9e, je m&rsquo;en suis rendue compte lorsque j&rsquo;ai commenc\u00e9 \u00e0 parler ouvertement avec une professionnelle de tout ce que je vivais. En entrant dans ce parti, Les Verts puis Europe \u00c9cologie-Les Verts, en travaillant pour cette id\u00e9ologie, en me consacrant \u00e0 100% \u00e0 ce travail, aux missions qu&rsquo;on me confiait, je me suis coup\u00e9e de mes amis, de ma famille, j&rsquo;avais perdu pied. Aujourd&rsquo;hui je retrouve peu \u00e0 peu les gens qui comptent pour moi, j&rsquo;ai revu compl\u00e8tement mon sens des priorit\u00e9s, et ma vie \u00e0 d\u00e9j\u00e0 drastiquement chang\u00e9. Ma reconstruction prendra du temps, mais elle a bien commenc\u00e9 et aujourd&rsquo;hui je vais beaucoup mieux.<\/p>\n\n\n\n<h2 class=\"wp-block-heading\">La suite&#8230;<\/h2>\n\n\n\n<p>En juin 2022, le Parti Pirate a particip\u00e9 aux \u00e9lections l\u00e9gislatives. Apr\u00e8s 5 ann\u00e9es de r\u00e9flexion et de pr\u00e9paration, nous avons finalement men\u00e9 une campagne simple mais suffisamment efficace pour nous octroyer ce que nous avions \u00e9chou\u00e9 \u00e0 atteindre en 2017 : Une part, petite mais suffisamment importante pour nous satisfaire, du financement public. Grace \u00e0 nos efforts, le Parti Pirate est sur le point de doubler ses recettes annuelles, ce qui devrait nous permettre d&rsquo;envisager beaucoup de choses avec un regard diff\u00e9rent, le regard d&rsquo;un parti politique qui ne vit plus au jour le jour, d&rsquo;un parti qui existe r\u00e9ellement, et sur lequel on pourra compter dans les ann\u00e9es qui viennent. Je suis assez fi\u00e8re de voir ce que nous avons pass\u00e9 tant de temps \u00e0 construire se concr\u00e9tiser enfin, et je suis beaucoup plus sereine face \u00e0 ce qui nous attend dor\u00e9navant. L&rsquo;\u00e9t\u00e9 se termine, les affaires politiques vont reprendre petit \u00e0 petit, et petit \u00e0 petit, nous ferons parler de nous, de nos id\u00e9es, de notre fonctionnement, la route est encore longue nous le savons, mais nous avons pour nous une motivation renouvel\u00e9e.<\/p>\n\n\n\n<p>Quant \u00e0 moi, je me consacre toujours autant \u00e0 ce que je fais, que ce soit militant, ou professionnel, mais maintenant ces deux aspects de ma vie sont bien s\u00e9par\u00e9s. Aujourd&rsquo;hui, et comme beaucoup d&rsquo;autres personnes en fait, je travaille sous un autre nom que celui sous lequel mes lecteurs, mes amis, ma famille, les m\u00e9dias et le Minist\u00e8re de l&rsquo;Int\u00e9rieur, suite \u00e0 mes nombreuses candidatures \u00e0 des \u00e9lections, me connaissent. Ainsi, je prot\u00e8ge mon employeur des furieux qui ont d\u00e9j\u00e0 \u00e9t\u00e9 jusqu&rsquo;\u00e0 les contacter pour leur dire tout le mal qu&rsquo;ils pensent de moi (oui oui, c&rsquo;est arriv\u00e9), ainsi je me prot\u00e8ge aussi de ce monde cruel qu&rsquo;est le monde politique pour une femme.<\/p>\n\n\n\n<p>Quand on me demande pourquoi il n&rsquo;y a pas beaucoup de femmes engag\u00e9es, je ne peux que r\u00e9pondre qu&rsquo;on ignore \u00e0 quel point l&rsquo;engagement politique et partisan, et particuli\u00e8rement lorsqu&rsquo;on est une femme, peut \u00eatre difficile et violent. Il faut avoir un sacr\u00e9 moral pour subir les attaques quotidiennes que je subis d\u00e8s que j&rsquo;ose exprimer mon avis, que je subissais quand j&rsquo;\u00e9tais salari\u00e9e d&rsquo;un parti politique, ou quand j&rsquo;\u00e9tais salari\u00e9e d&rsquo;une \u00e9lue ou d&rsquo;un candidat, alors que j&rsquo;\u00e9tais cens\u00e9e \u00eatre prot\u00e9g\u00e9e par un employeur en tant que salari\u00e9e, et donc \u00ab\u00a0personne sensible\u00a0\u00bb, et pour subir les attaques que je subis aujourd&rsquo;hui alors que je suis en premi\u00e8re ligne, porte-parole d&rsquo;un parti fran\u00e7ais, m\u00eame s&rsquo;il reste un petit parti, et vice-pr\u00e9sidente d&rsquo;une organisation politique europ\u00e9enne, m\u00eame si cette organisation reste raisonnablement petite. Mais ce moral, parce que j&rsquo;ai eu cette exp\u00e9rience, je l&rsquo;ai, je l&rsquo;ai cultiv\u00e9, et c&rsquo;est aujourd&rsquo;hui une force qui me permet de continuer \u00e0 me dresser contre les injustices, \u00e0 exprimer mes id\u00e9es sans far, sans complexe. Les haineux pourront toujours baver, les opposants pourront toujours s&rsquo;exprimer, cela ne m&#8217;emp\u00eachera pas de continuer \u00e0 \u00e9lever la voix, \u00e0 parler pour ceux qui ne peuvent pas le faire et qui me font confiance pour le faire \u00e0 leur place, \u00e0 dire ce qui doit \u00eatre dit m\u00eame si je dois essuyer des attaques paternalistes toute ma vie.<\/p>\n\n\n\n<p>Et pour ceux qui estiment que je n&rsquo;ai pas le niveau, que je n&rsquo;ai pas les \u00e9paules, et croyez-le ou non c&rsquo;est quelque chose que j&rsquo;entends trop souvent, essayez donc d&rsquo;\u00eatre une femme engag\u00e9e en politique, et on en reparlera.<\/p>\n","protected":false},"excerpt":{"rendered":"<p>Cela fait un peu plus d&rsquo;un an maintenant que je tiens ce blog et que j&rsquo;y publie mes id\u00e9es et je me rends compte que chaque publication fait l&rsquo;objet de plus ou moins de r\u00e9actions, d&rsquo;accusations ou de critiques et surtout de jugements ou de fantasmes sur ma personne, mes intentions ou ma volont\u00e9. Je vais m&#8217;employer aujourd&rsquo;hui \u00e0 vous livrer ma version de mon histoire personnelle.<\/p>\n","protected":false},"author":1,"featured_media":0,"comment_status":"open","ping_status":"open","sticky":false,"template":"","format":"standard","meta":{"footnotes":""},"categories":[6],"tags":[],"class_list":["post-122","post","type-post","status-publish","format-standard","hentry","category-journal-de-bord"],"_links":{"self":[{"href":"https:\/\/floriemarie.fr\/index.php\/wp-json\/wp\/v2\/posts\/122","targetHints":{"allow":["GET"]}}],"collection":[{"href":"https:\/\/floriemarie.fr\/index.php\/wp-json\/wp\/v2\/posts"}],"about":[{"href":"https:\/\/floriemarie.fr\/index.php\/wp-json\/wp\/v2\/types\/post"}],"author":[{"embeddable":true,"href":"https:\/\/floriemarie.fr\/index.php\/wp-json\/wp\/v2\/users\/1"}],"replies":[{"embeddable":true,"href":"https:\/\/floriemarie.fr\/index.php\/wp-json\/wp\/v2\/comments?post=122"}],"version-history":[{"count":1,"href":"https:\/\/floriemarie.fr\/index.php\/wp-json\/wp\/v2\/posts\/122\/revisions"}],"predecessor-version":[{"id":123,"href":"https:\/\/floriemarie.fr\/index.php\/wp-json\/wp\/v2\/posts\/122\/revisions\/123"}],"wp:attachment":[{"href":"https:\/\/floriemarie.fr\/index.php\/wp-json\/wp\/v2\/media?parent=122"}],"wp:term":[{"taxonomy":"category","embeddable":true,"href":"https:\/\/floriemarie.fr\/index.php\/wp-json\/wp\/v2\/categories?post=122"},{"taxonomy":"post_tag","embeddable":true,"href":"https:\/\/floriemarie.fr\/index.php\/wp-json\/wp\/v2\/tags?post=122"}],"curies":[{"name":"wp","href":"https:\/\/api.w.org\/{rel}","templated":true}]}}