{"id":1034,"date":"2024-09-19T09:00:00","date_gmt":"2024-09-19T07:00:00","guid":{"rendered":"https:\/\/floriemarie.fr\/?p=1034"},"modified":"2025-02-24T16:50:04","modified_gmt":"2025-02-24T15:50:04","slug":"matinale-du-19-09-2024-ouverture-de-lepr-ecologie-politique-et-changement-climatique","status":"publish","type":"post","link":"https:\/\/floriemarie.fr\/index.php\/2024\/09\/19\/matinale-du-19-09-2024-ouverture-de-lepr-ecologie-politique-et-changement-climatique\/","title":{"rendered":"Matinale du 19\/09\/2024 : ouverture de l&rsquo;EPR, \u00e9cologie politique et changement climatique"},"content":{"rendered":"\n<figure class=\"wp-block-embed is-type-video is-provider-youtube wp-block-embed-youtube wp-embed-aspect-16-9 wp-has-aspect-ratio\"><div class=\"wp-block-embed__wrapper\">\n<iframe loading=\"lazy\" title=\"Matinale du 19\/09\/2024 : ouverture de l&#039;EPR, \u00e9cologie politique et changement climatique\" width=\"500\" height=\"281\" src=\"https:\/\/www.youtube.com\/embed\/BqNchU323v0?feature=oembed\" frameborder=\"0\" allow=\"accelerometer; autoplay; clipboard-write; encrypted-media; gyroscope; picture-in-picture; web-share\" referrerpolicy=\"strict-origin-when-cross-origin\" allowfullscreen><\/iframe>\n<\/div><\/figure>\n\n\n\n<p>Les actualit\u00e9s de la matinale :<\/p>\n\n\n\n<ul class=\"wp-block-list\">\n<li>L\u2019EPR de Flamanville d\u00e9marre avec douze ans de retard <br><a href=\"https:\/\/www.lemonde.fr\/economie\/article\/2024\/09\/03\/nucleaire-l-epr-de-flamanville-demarre-avec-douze-ans-de-retard_6302761_3234.html \">https:\/\/www.lemonde.fr\/economie\/article\/2024\/09\/03\/nucleaire-l-epr-de-flamanville-demarre-avec-douze-ans-de-retard_6302761_3234.html <\/a><\/li>\n\n\n\n<li>Nucl\u00e9aire : pour l\u2019EPR, un d\u00e9marrage et beaucoup de questions <br><a href=\"https:\/\/www.mediapart.fr\/journal\/economie-et-social\/080924\/nucleaire-pour-l-epr-un-demarrage-et-beaucoup-de-questions \">https:\/\/www.mediapart.fr\/journal\/economie-et-social\/080924\/nucleaire-pour-l-epr-un-demarrage-et-beaucoup-de-questions <\/a><\/li>\n\n\n\n<li>Le Luxembourg r\u00e9clame la fermeture de la centrale nucl\u00e9aire de Cattenom <br><a href=\"https:\/\/www.lasemaine.fr\/le-luxembourg-reclame-la-fermeture-de-la-centrale-nucleaire-de-cattenom\/ \">https:\/\/www.lasemaine.fr\/le-luxembourg-reclame-la-fermeture-de-la-centrale-nucleaire-de-cattenom\/ <\/a><\/li>\n\n\n\n<li>Wie die Gr\u00fcnen beim Atomausstieg get\u00e4uscht haben <br><a href=\"https:\/\/www.cicero.de\/innenpolitik\/robert-habeck-akten-atomkraftwerke-kernkraftwerke-klage-akw-laufzeit-atomausstieg \">https:\/\/www.cicero.de\/innenpolitik\/robert-habeck-akten-atomkraftwerke-kernkraftwerke-klage-akw-laufzeit-atomausstieg <\/a><\/li>\n\n\n\n<li>En Allemagne, les Verts \u00e9clabouss\u00e9s par des r\u00e9v\u00e9lations sur la sortie du nucl\u00e9aire <br><a href=\"https:\/\/www.lepoint.fr\/monde\/en-allemagne-les-verts-eclabousses-par-des-revelations-sur-la-sortie-du-nucleaire-26-04-2024-2558759_24.php \">https:\/\/www.lepoint.fr\/monde\/en-allemagne-les-verts-eclabousses-par-des-revelations-sur-la-sortie-du-nucleaire-26-04-2024-2558759_24.php <\/a><\/li>\n\n\n\n<li>Etre salari\u00e9 et militant : un d\u00e9doublement source de souffrance au travail <br><a href=\"https:\/\/www.lemonde.fr\/emploi\/article\/2024\/04\/03\/etre-salarie-et-militant-un-dedoublement-source-de-souffrance-au-travail_6225731_1698637.html \">https:\/\/www.lemonde.fr\/emploi\/article\/2024\/04\/03\/etre-salarie-et-militant-un-dedoublement-source-de-souffrance-au-travail_6225731_1698637.html <\/a><\/li>\n\n\n\n<li>Quel avenir pour l\u2019\u00e9cologie au niveau europ\u00e9en ? Une activiste et un eurod\u00e9put\u00e9 \u00e9colo d\u00e9battent <br><a href=\"https:\/\/www.mediapart.fr\/journal\/politique\/010424\/quel-avenir-pour-l-ecologie-au-niveau-europeen-une-activiste-et-un-eurodepute-ecolo-debattent \">https:\/\/www.mediapart.fr\/journal\/politique\/010424\/quel-avenir-pour-l-ecologie-au-niveau-europeen-une-activiste-et-un-eurodepute-ecolo-debattent <\/a><\/li>\n\n\n\n<li>Un eurod\u00e9put\u00e9 rel\u00e2che une colombe vivante au milieu du Parlement en \u201csigne de paix\u201d, mais son geste n\u2019a pas fait l\u2019unanimit\u00e9 <br><a href=\"https:\/\/www.instagram.com\/reel\/C6POuWfMQiN\/ \">https:\/\/www.instagram.com\/reel\/C6POuWfMQiN\/ <\/a><\/li>\n\n\n\n<li>Reportage. \u00c0 bord d\u2019un cargo fluvial sur la Seine, laboratoire de la transition \u00e9cologique <br><a href=\"https:\/\/www.courrierinternational.com\/long-format\/reportage-a-bord-d-un-cargo-fluvial-sur-la-seine-laboratoire-de-la-transition-ecologique \">https:\/\/www.courrierinternational.com\/long-format\/reportage-a-bord-d-un-cargo-fluvial-sur-la-seine-laboratoire-de-la-transition-ecologique <\/a><\/li>\n\n\n\n<li>La pilule philosophique. Indignez-vous, c\u2019est bon pour le moral ! <br><a href=\"https:\/\/www.courrierinternational.com\/article\/la-pilule-philosophique-indignez-vous-c-est-bon-pour-le-moral \">https:\/\/www.courrierinternational.com\/article\/la-pilule-philosophique-indignez-vous-c-est-bon-pour-le-moral <\/a><\/li>\n\n\n\n<li>\u00ab Bobo dehors, va vivre \u00e0 la campagne \u00bb : \u00e0 Marseille, insultes et pneus de v\u00e9lo crev\u00e9s <br><a href=\"https:\/\/youtu.be\/mQ13yin8vFk \">https:\/\/youtu.be\/mQ13yin8vFk <\/a><\/li>\n\n\n\n<li>Et votre dose de dr\u00f4le et mignon : <br><a href=\"https:\/\/bsky.app\/profile\/mrlovenstein.bsky.social\/post\/3l3sgpqimzx2o \n\">https:\/\/bsky.app\/profile\/mrlovenstein.bsky.social\/post\/3l3sgpqimzx2o <br><\/a><a href=\"https:\/\/www.instagram.com\/reel\/C_tlt2Ro_t_\/ \n\">https:\/\/www.instagram.com\/reel\/C_tlt2Ro_t_\/ <br><\/a><a href=\"https:\/\/www.instagram.com\/reel\/CpErmpcIleL\/\">https:\/\/www.instagram.com\/reel\/CpErmpcIleL\/<\/a><\/li>\n<\/ul>\n","protected":false},"excerpt":{"rendered":"<p>Les actualit\u00e9s de la matinale :<\/p>\n","protected":false},"author":1,"featured_media":131,"comment_status":"open","ping_status":"open","sticky":false,"template":"","format":"video","meta":{"footnotes":""},"categories":[7],"tags":[123,347,238,122,344,348,346,350,349,345,216],"class_list":["post-1034","post","type-post","status-publish","format-video","has-post-thumbnail","hentry","category-matinale-du-matin-tot-le-matin","tag-allemagne","tag-cattenom","tag-ecologie","tag-ecologisme","tag-epr","tag-grunen","tag-luxembourg","tag-marseille","tag-militantisme","tag-nucleaire","tag-partis-politiques","post_format-post-format-video"],"_links":{"self":[{"href":"https:\/\/floriemarie.fr\/index.php\/wp-json\/wp\/v2\/posts\/1034","targetHints":{"allow":["GET"]}}],"collection":[{"href":"https:\/\/floriemarie.fr\/index.php\/wp-json\/wp\/v2\/posts"}],"about":[{"href":"https:\/\/floriemarie.fr\/index.php\/wp-json\/wp\/v2\/types\/post"}],"author":[{"embeddable":true,"href":"https:\/\/floriemarie.fr\/index.php\/wp-json\/wp\/v2\/users\/1"}],"replies":[{"embeddable":true,"href":"https:\/\/floriemarie.fr\/index.php\/wp-json\/wp\/v2\/comments?post=1034"}],"version-history":[{"count":2,"href":"https:\/\/floriemarie.fr\/index.php\/wp-json\/wp\/v2\/posts\/1034\/revisions"}],"predecessor-version":[{"id":1085,"href":"https:\/\/floriemarie.fr\/index.php\/wp-json\/wp\/v2\/posts\/1034\/revisions\/1085"}],"wp:featuredmedia":[{"embeddable":true,"href":"https:\/\/floriemarie.fr\/index.php\/wp-json\/wp\/v2\/media\/131"}],"wp:attachment":[{"href":"https:\/\/floriemarie.fr\/index.php\/wp-json\/wp\/v2\/media?parent=1034"}],"wp:term":[{"taxonomy":"category","embeddable":true,"href":"https:\/\/floriemarie.fr\/index.php\/wp-json\/wp\/v2\/categories?post=1034"},{"taxonomy":"post_tag","embeddable":true,"href":"https:\/\/floriemarie.fr\/index.php\/wp-json\/wp\/v2\/tags?post=1034"}],"curies":[{"name":"wp","href":"https:\/\/api.w.org\/{rel}","templated":true}]}}